{"id":8175,"date":"2025-05-22T14:37:13","date_gmt":"2025-05-22T14:37:13","guid":{"rendered":"https:\/\/krankenhauspfarramt.de\/index.php\/2025\/05\/22\/himmelfahrt-ist-die-kleine-schwester-des-osterfestes-ekd\/"},"modified":"2025-05-22T14:37:14","modified_gmt":"2025-05-22T14:37:14","slug":"himmelfahrt-ist-die-kleine-schwester-des-osterfestes-ekd","status":"publish","type":"post","link":"https:\/\/krankenhauspfarramt.de\/index.php\/2025\/05\/22\/himmelfahrt-ist-die-kleine-schwester-des-osterfestes-ekd\/","title":{"rendered":"\u201eHimmelfahrt ist die kleine Schwester des Osterfestes\u201c \u2013 EKD"},"content":{"rendered":"<p> <br \/>\n<\/p>\n<div id=\"\">\n<p><strong>epd:<\/strong> Himmelfahrt: Der Name des Feiertags deutet schon an, dass da vor rund 2000 Jahren etwas wirklich Au\u00dfergew\u00f6hnliches passiert sein muss. Was berichtet die Bibel?<\/p>\n<p><strong>Wolfgang Reinbold:<\/strong> Von der Himmelfahrt Jesu ist im Neuen Testament nur bei einem einzigen Autor die Rede, n\u00e4mlich am Ende des Lukasevangeliums und zu Beginn der von Lukas verfassten Apostelgeschichte. Hier wird davon erz\u00e4hlt, dass Jesus nach seiner Auferweckung \u201evierzig Tage lang\u201c von seinen Anh\u00e4ngern gesehen wurde. Und dass er dann \u201evor ihren Augen emporgehoben\u201c wurde und \u201egen Himmel fuhr\u201c.<\/p>\n<p>In der Sache ist das eine Dramatisierung der Botschaft von der Auferstehung Jesu. Die anderen biblischen Autoren verzichten darauf, sie in den Einzelheiten zu schildern. Lukas macht daraus eine Szene, die man verfilmen kann &#8211; wie es dann auch passiert ist.<\/p>\n<p><strong>epd:<\/strong> Die meisten Menschen glauben vermutlich nicht wirklich, dass jemand erst sterben, dann auferstehen und schlie\u00dflich in den Himmel aufsteigen kann. Ist der Glaube an derartige \u201eWunder\u201c &#8211; die Bibel ist voll davon &#8211; eine Bedingung, um Christ zu sein?<\/p>\n<p><strong>Reinbold:<\/strong> Nein, die biblischen Geschichten wurden seit alter Zeit und werden bis heute sehr unterschiedlich ausgelegt. Manche Christinnen und Christen verstehen sie streng w\u00f6rtlich. Andere versuchen, die zentralen Aussagen der Geschichten zu erfassen und diese Aussagen mit anderen Worten und Bildern in die heutige Zeit zu \u00fcbertragen.<\/p>\n<p><strong>epd:<\/strong> Wem das mit der k\u00f6rperlichen Himmelfahrt zu \u00fcbersinnlich ist, der mag aber immerhin f\u00fcr die symbolische Bedeutung von Himmelfahrt offen sein. Was also ist die Botschaft dieses Tages &#8211; gerade f\u00fcr heutige Menschen?<\/p>\n<p><strong>Reinbold:<\/strong> Der Kern des Fests ist die Botschaft von der Auferstehung Jesu. Himmelfahrt ist, wenn man so will, die kleine Schwester des Osterfests. Die zentrale Botschaft des Fests ist die Botschaft von Ostern: Gott hat die Macht des Todes \u00fcberwunden. Er l\u00e4sst seinen Sohn nicht im Tod &#8211; und uns auch nicht.<\/p>\n<p>Auf das eigene Leben bezogen hei\u00dft das: Ich muss keine Angst vor dem Tod haben. Ich werde durch den Tod nicht in die v\u00f6llige Beziehungslosigkeit geworfen, sondern bleibe geborgen bei Gott. Wenn ich darauf vertraue, kann ich mit dem Tod anders umgehen, mit all den Konsequenzen, die das hat &#8211; f\u00fcr mich, in der Familie, im Krankenhaus, im Hospiz und so weiter.<\/p>\n<\/div>\n<div id=\"\">\n    <!-- Test for teaser --><br \/>\n    <!--Val: 1 --><\/p>\n<p>                    \t    <!-- SRC:  --><\/p>\n<aside class=\"article--aside quintus teaser teaser__related rs_skip rs_preserve\">\n<div class=\"teaser--article teaser--content\">\n<figure class=\"teaser--image\">\n                                                    <picture><source media=\"(max-width:935px)\" srcset=\"https:\/\/www.ekd.de\/ekd_de\/ds_img\/assets_1875_x\/20161223_pixabay_Mathijn_himmelfahrt_1875_rdax_625x352_60s.jpg 1x, https:\/\/www.ekd.de\/ekd_de\/ds_img\/assets_1875_x\/20161223_pixabay_Mathijn_himmelfahrt_1875_rdax_1250x704_60s.jpg 2x, https:\/\/www.ekd.de\/ekd_de\/ds_img\/assets_1875_x\/20161223_pixabay_Mathijn_himmelfahrt_1875_rdax_60s.jpg 3x\"><source media=\"(min-width:934px)\" srcset=\"https:\/\/www.ekd.de\/ekd_de\/ds_img\/assets_1875_x\/20161223_pixabay_Mathijn_himmelfahrt_1875_rdax_360x203_70s.jpg 1x, https:\/\/www.ekd.de\/ekd_de\/ds_img\/assets_1875_x\/20161223_pixabay_Mathijn_himmelfahrt_1875_rdax_720x406_70s.jpg 2x, https:\/\/www.ekd.de\/ekd_de\/ds_img\/assets_1875_x\/20161223_pixabay_Mathijn_himmelfahrt_1875_rdax_1080x608_70s.jpg 3x\"><\/source><\/source><\/picture><figcaption\/>\n                                                <\/figure>\n<p class=\"quintus--text teaser--text\">40 Tage lang war Jesus nach der Auferstehung mit seinen J\u00fcngern zusammen, dann \u201ewurde er vor ihren Augen emporgehoben, und eine Wolke nahm ihn auf, weg vor ihren Augen\u201c (Apg 1,11). Diese Himmelfahrt erkl\u00e4rt, wo Jesus jetzt ist: bei Gott, seinem Vater.<\/p>\n<\/p><\/div>\n<\/aside>\n<div class=\"article--content\">\n<p><strong>epd:<\/strong> Wie wird Himmelfahrt \u00fcberhaupt gefeiert? Und: Macht es dabei einen Unterschied, ob man evangelisch oder katholisch ist?<\/p>\n<p><strong>Reinbold:<\/strong> Das Fest f\u00e4llt in der Regel in den Mai. Entsprechend wird es vielerorts als Fr\u00fchlingsfest gefeiert, mit Gottesdiensten drau\u00dfen im Gr\u00fcnen und einem bunten Programm. Im katholischen Raum ist es an einigen Orten noch \u00fcblich, dass man vor dem Fest Bittprozessionen veranstaltet, f\u00fcr gutes Wetter, eine reiche Ernte und Schutz vor Naturkatastrophen.<\/p>\n<p><strong>epd:<\/strong> Warum ist der Himmelfahrtstag auch der \u201eVatertag\u201c? Gibt es da irgendeinen Zusammenhang zwischen Bibel und Brauchtum?<\/p>\n<p><strong>Reinbold:<\/strong> Das h\u00e4ngt mit der Jahreszeit und mit den Prozessionen zusammen. Sie wurden an verschiedenen Stellen mehr und mehr zu sogenannten \u201eHerrenpartien\u201c, also zu feucht-fr\u00f6hlichen Fr\u00fchlingsumz\u00fcgen mit Bier und Bratwurst. Mittlerweile ist das an vielen Orten eine gro\u00dfe Sache.<\/p>\n<\/p><\/div>\n<\/div>\n","protected":false},"excerpt":{"rendered":"<p>epd: Himmelfahrt: Der Name des Feiertags deutet schon an, dass da vor rund 2000 Jahren etwas wirklich Au\u00dfergew\u00f6hnliches passiert sein<\/p>\n","protected":false},"author":2,"featured_media":8176,"comment_status":"closed","ping_status":"closed","sticky":false,"template":"","format":"standard","meta":{"footnotes":""},"categories":[20],"tags":[],"_links":{"self":[{"href":"https:\/\/krankenhauspfarramt.de\/index.php\/wp-json\/wp\/v2\/posts\/8175"}],"collection":[{"href":"https:\/\/krankenhauspfarramt.de\/index.php\/wp-json\/wp\/v2\/posts"}],"about":[{"href":"https:\/\/krankenhauspfarramt.de\/index.php\/wp-json\/wp\/v2\/types\/post"}],"author":[{"embeddable":true,"href":"https:\/\/krankenhauspfarramt.de\/index.php\/wp-json\/wp\/v2\/users\/2"}],"replies":[{"embeddable":true,"href":"https:\/\/krankenhauspfarramt.de\/index.php\/wp-json\/wp\/v2\/comments?post=8175"}],"version-history":[{"count":1,"href":"https:\/\/krankenhauspfarramt.de\/index.php\/wp-json\/wp\/v2\/posts\/8175\/revisions"}],"predecessor-version":[{"id":8177,"href":"https:\/\/krankenhauspfarramt.de\/index.php\/wp-json\/wp\/v2\/posts\/8175\/revisions\/8177"}],"wp:featuredmedia":[{"embeddable":true,"href":"https:\/\/krankenhauspfarramt.de\/index.php\/wp-json\/wp\/v2\/media\/8176"}],"wp:attachment":[{"href":"https:\/\/krankenhauspfarramt.de\/index.php\/wp-json\/wp\/v2\/media?parent=8175"}],"wp:term":[{"taxonomy":"category","embeddable":true,"href":"https:\/\/krankenhauspfarramt.de\/index.php\/wp-json\/wp\/v2\/categories?post=8175"},{"taxonomy":"post_tag","embeddable":true,"href":"https:\/\/krankenhauspfarramt.de\/index.php\/wp-json\/wp\/v2\/tags?post=8175"}],"curies":[{"name":"wp","href":"https:\/\/api.w.org\/{rel}","templated":true}]}}