{"id":8178,"date":"2025-05-22T18:38:32","date_gmt":"2025-05-22T18:38:32","guid":{"rendered":"https:\/\/krankenhauspfarramt.de\/index.php\/2025\/05\/22\/kirche-des-jahres-steht-in-deetz-sachsen-anhalt-ekd\/"},"modified":"2025-05-22T18:38:33","modified_gmt":"2025-05-22T18:38:33","slug":"kirche-des-jahres-steht-in-deetz-sachsen-anhalt-ekd","status":"publish","type":"post","link":"https:\/\/krankenhauspfarramt.de\/index.php\/2025\/05\/22\/kirche-des-jahres-steht-in-deetz-sachsen-anhalt-ekd\/","title":{"rendered":"Kirche des Jahres steht in Deetz, Sachsen-Anhalt \u2013 EKD"},"content":{"rendered":"<p> <br \/>\n<\/p>\n<div>\n<p>An der Abstimmung konnten sich den Angaben zufolge alle Interessierten beteiligen, etwa per Mail, Anruf oder Postkarte. Insgesamt seien mehr als 4.600 Voten f\u00fcr den undotierten Publikumspreis abgegeben worden. Zur Abstimmung standen zw\u00f6lf Kirchen in ganz Deutschland, die bereits im Vorfeld als \u201eKiBa-Kirche des Monats\u201c ausgezeichnet worden waren.<\/p>\n<p>Die Sanierung der Deetzer Kirche wird laut EKD von der Stiftung KiBa mit 10.000 Euro unterst\u00fctzt. Das sp\u00e4tromanische Gotteshaus wurde aus Feldsteinen erbaut. Der Kirchturm am Westgiebel kam im 19. Jahrhundert hinzu. Der Innenraum ist sanierungsbed\u00fcrftig. Zu seiner Ausstattung geh\u00f6ren ein fein geschnitztes Altarretabel mit gro\u00dfem Kruzifix sowie ein massiver Taufstein.<\/p>\n<p>\u201eDas Engagement der Menschen in Deetz f\u00fcr die Renovierung ihrer Kirche war von Anfang an au\u00dferordentlich\u201c, sagte KiBa-Gesch\u00e4ftsf\u00fchrerin Catharina Hasenclever. Die Stiftung der EKD und der Landeskirchen hat den Angaben zufolge seit 1999 Zusagen f\u00fcr Sanierungsvorhaben in H\u00f6he von mehr als 40 Millionen Euro erteilt.<\/p>\n<\/p><\/div>\n","protected":false},"excerpt":{"rendered":"<p>An der Abstimmung konnten sich den Angaben zufolge alle Interessierten beteiligen, etwa per Mail, Anruf oder Postkarte. Insgesamt seien mehr<\/p>\n","protected":false},"author":2,"featured_media":8170,"comment_status":"closed","ping_status":"closed","sticky":false,"template":"","format":"standard","meta":{"footnotes":""},"categories":[20],"tags":[],"_links":{"self":[{"href":"https:\/\/krankenhauspfarramt.de\/index.php\/wp-json\/wp\/v2\/posts\/8178"}],"collection":[{"href":"https:\/\/krankenhauspfarramt.de\/index.php\/wp-json\/wp\/v2\/posts"}],"about":[{"href":"https:\/\/krankenhauspfarramt.de\/index.php\/wp-json\/wp\/v2\/types\/post"}],"author":[{"embeddable":true,"href":"https:\/\/krankenhauspfarramt.de\/index.php\/wp-json\/wp\/v2\/users\/2"}],"replies":[{"embeddable":true,"href":"https:\/\/krankenhauspfarramt.de\/index.php\/wp-json\/wp\/v2\/comments?post=8178"}],"version-history":[{"count":1,"href":"https:\/\/krankenhauspfarramt.de\/index.php\/wp-json\/wp\/v2\/posts\/8178\/revisions"}],"predecessor-version":[{"id":8179,"href":"https:\/\/krankenhauspfarramt.de\/index.php\/wp-json\/wp\/v2\/posts\/8178\/revisions\/8179"}],"wp:featuredmedia":[{"embeddable":true,"href":"https:\/\/krankenhauspfarramt.de\/index.php\/wp-json\/wp\/v2\/media\/8170"}],"wp:attachment":[{"href":"https:\/\/krankenhauspfarramt.de\/index.php\/wp-json\/wp\/v2\/media?parent=8178"}],"wp:term":[{"taxonomy":"category","embeddable":true,"href":"https:\/\/krankenhauspfarramt.de\/index.php\/wp-json\/wp\/v2\/categories?post=8178"},{"taxonomy":"post_tag","embeddable":true,"href":"https:\/\/krankenhauspfarramt.de\/index.php\/wp-json\/wp\/v2\/tags?post=8178"}],"curies":[{"name":"wp","href":"https:\/\/api.w.org\/{rel}","templated":true}]}}