{"id":8180,"date":"2025-05-26T07:20:03","date_gmt":"2025-05-26T07:20:03","guid":{"rendered":"https:\/\/krankenhauspfarramt.de\/index.php\/2025\/05\/26\/humanitaere-katastrophe-beenden-ekd\/"},"modified":"2025-05-26T07:20:04","modified_gmt":"2025-05-26T07:20:04","slug":"humanitaere-katastrophe-beenden-ekd","status":"publish","type":"post","link":"https:\/\/krankenhauspfarramt.de\/index.php\/2025\/05\/26\/humanitaere-katastrophe-beenden-ekd\/","title":{"rendered":"Humanit\u00e4re Katastrophe beenden \u2013 EKD"},"content":{"rendered":"<p> <br \/>\n<\/p>\n<div id=\"\">\n<div class=\"article--meta article--meta__border clearfix\">\n<p>                                    <time datetime=\"26.05.2025 07:00\" class=\"article--time\">26.05.2025<\/time><\/p>\n<p>                                     <strong class=\"article--type primus--overline\">Pressemitteilung<\/strong><\/p>\n<picture class=\"article--source-image image\"><source srcset=\"https:\/\/www.ekd.de\/ekd_de\/ds_img\/assets\/20170622_ekd-Quellenlogo_141_rdax_423x118.png\"><!--<source srcset=\"\/ekd_de\/ds_img\/assets\/20170622_ekd-Quellenlogo_141_rdax_141x39.png 1x, \/ekd_de\/ds_img\/assets\/20170622_ekd-Quellenlogo_141_rdax_282x78.png 2x, https:\/\/www.ekd.de\/ekd_de\/ds_img\/assets\/20170622_ekd-Quellenlogo_141_rdax_423x118.png 3x\">--><\/p>\n<p>    <\/source><\/picture>\n<\/p><\/div>\n<h2 class=\"article--sub-headline primus--sub-headline\">EKD und Diakonie Katastrophenhilfe fordern Freilassung der Geiseln, Ende der Gewalt und ungehinderten Zugang humanit\u00e4rer Hilfe nach Gaza<\/h2>\n<\/p><\/div>\n<div id=\"\">\n<p>Die Hamas hat am 7. Oktober 2023 Israel \u00fcberfallen. Bei diesem menschenverachtenden Angriff hat sie mehr als 1.200 Menschen ermordet und mehr als 200 Menschen verschleppt. Einige von ihnen befinden sich noch immer in Geiselhaft.<\/p>\n<p>Ungeachtet des legitimen Selbstverteidigungsrechts Israels rufen der Rat der Evangelischen Kirche in Deutschland (EKD) und die Diakonie Katastrophenhilfe angesichts der dramatischen humanit\u00e4ren Lage im Gazastreifen zu einem sofortigen Ende der Gewalt auf.<\/p>\n<p>\u201eDie humanit\u00e4re Katastrophe in Gaza hat ein unvorstellbares Ausma\u00df erreicht. Nach einer monatelangen Blockade durch die israelische Regierung erreichen erneut viel zu wenige Hilfsg\u00fcter den Gazastreifen, Hunger ist allgegenw\u00e4rtig. Die Kriegsparteien versto\u00dfen wiederholt gegen das humanit\u00e4re V\u00f6lkerrecht \u2013 etwa durch den Beschuss ziviler Infrastruktur wie Krankenh\u00e4user, Angriffe auf humanit\u00e4re Helfer oder die andauernde Geiselnahme. Das Schicksal der Zivilbev\u00f6lkerung und der Geiseln in diesem Krieg erf\u00fcllt uns mit tiefer Sorge\u201c, sagt Dagmar Pruin, Pr\u00e4sidentin der Diakonie Katastrophenhilfe.<\/p>\n<p>Rat und Diakonie Katastrophenhilfe dr\u00e4ngen auf ein Ende der kriegerischen Handlungen, die unz\u00e4hlige zivile Opfer fordern und das Leid der Menschen in der Region t\u00e4glich vergr\u00f6\u00dfern. Es sei dringend erforderlich, dauerhafte umfassende humanit\u00e4re Hilfe zu erm\u00f6glichen und sicherzustellen, dass sie die notleidende Bev\u00f6lkerung auch tats\u00e4chlich erreicht.<\/p>\n<p>Die Ratsvorsitzende Kirsten Fehrs betont: \u201eDiese menschengemachte Katastrophe muss enden. Die Geiseln m\u00fcssen freigelassen werden, der Beschuss und die Vertreibung der Zivilbev\u00f6lkerung m\u00fcssen enden. Als Kirche stehen wir unumst\u00f6\u00dflich an der Seite derer, die nach Schutz, W\u00fcrde und einem Leben in Sicherheit streben.\u201c Eine friedliche Perspektive k\u00f6nne nur auf dem Fundament des V\u00f6lkerrechts und der Achtung der Menschenrechte f\u00fcr alle Menschen in der Region entstehen.<\/p>\n<p>Hannover, 26. Mai 2025<\/p>\n<p>Pressestelle der EKD<\/p>\n<\/div>\n","protected":false},"excerpt":{"rendered":"<p>26.05.2025 Pressemitteilung EKD und Diakonie Katastrophenhilfe fordern Freilassung der Geiseln, Ende der Gewalt und ungehinderten Zugang humanit\u00e4rer Hilfe nach Gaza<\/p>\n","protected":false},"author":2,"featured_media":7535,"comment_status":"closed","ping_status":"closed","sticky":false,"template":"","format":"standard","meta":{"footnotes":""},"categories":[20],"tags":[],"_links":{"self":[{"href":"https:\/\/krankenhauspfarramt.de\/index.php\/wp-json\/wp\/v2\/posts\/8180"}],"collection":[{"href":"https:\/\/krankenhauspfarramt.de\/index.php\/wp-json\/wp\/v2\/posts"}],"about":[{"href":"https:\/\/krankenhauspfarramt.de\/index.php\/wp-json\/wp\/v2\/types\/post"}],"author":[{"embeddable":true,"href":"https:\/\/krankenhauspfarramt.de\/index.php\/wp-json\/wp\/v2\/users\/2"}],"replies":[{"embeddable":true,"href":"https:\/\/krankenhauspfarramt.de\/index.php\/wp-json\/wp\/v2\/comments?post=8180"}],"version-history":[{"count":1,"href":"https:\/\/krankenhauspfarramt.de\/index.php\/wp-json\/wp\/v2\/posts\/8180\/revisions"}],"predecessor-version":[{"id":8181,"href":"https:\/\/krankenhauspfarramt.de\/index.php\/wp-json\/wp\/v2\/posts\/8180\/revisions\/8181"}],"wp:featuredmedia":[{"embeddable":true,"href":"https:\/\/krankenhauspfarramt.de\/index.php\/wp-json\/wp\/v2\/media\/7535"}],"wp:attachment":[{"href":"https:\/\/krankenhauspfarramt.de\/index.php\/wp-json\/wp\/v2\/media?parent=8180"}],"wp:term":[{"taxonomy":"category","embeddable":true,"href":"https:\/\/krankenhauspfarramt.de\/index.php\/wp-json\/wp\/v2\/categories?post=8180"},{"taxonomy":"post_tag","embeddable":true,"href":"https:\/\/krankenhauspfarramt.de\/index.php\/wp-json\/wp\/v2\/tags?post=8180"}],"curies":[{"name":"wp","href":"https:\/\/api.w.org\/{rel}","templated":true}]}}