{"id":8185,"date":"2025-05-26T15:58:21","date_gmt":"2025-05-26T15:58:21","guid":{"rendered":"https:\/\/krankenhauspfarramt.de\/index.php\/2025\/05\/26\/messerangriff-schock-fuer-unsere-stadt-ekd\/"},"modified":"2025-05-26T15:58:22","modified_gmt":"2025-05-26T15:58:22","slug":"messerangriff-schock-fuer-unsere-stadt-ekd","status":"publish","type":"post","link":"https:\/\/krankenhauspfarramt.de\/index.php\/2025\/05\/26\/messerangriff-schock-fuer-unsere-stadt-ekd\/","title":{"rendered":"Messerangriff \u201eSchock f\u00fcr unsere Stadt\u201c \u2013 EKD"},"content":{"rendered":"<p> <br \/>\n<\/p>\n<div>\n<p>Hamburg (epd). Nach dem folgenschweren Messerangriff am Hamburger Hauptbahnhof zeigt sich die Ratsvorsitzende der Evangelischen Kirche in Deutschland (EKD), Kirsten Fehrs, tief betroffen. Fehrs, die auch Bisch\u00f6fin der in Hamburg ans\u00e4ssigen Nordkirche ist, sagte dem Evangelischen Pressedienst (epd) am Samstag, die Gewalttat vom Freitagabend \u201eist ein Schock f\u00fcr unsere Stadt. Ich bete f\u00fcr die verletzten Menschen und ihre Angeh\u00f6rigen.\u201c<\/p>\n<\/p><\/div>\n<div id=\"\">\n<p>Fehrs versicherte au\u00dferdem, ihre Gedanken seien bei den Rettungskr\u00e4ften sowie den Notfall-Seelsorgerinnen und -Seelsorgern, \u201edie den Menschen in diesen Stunden zur Seite stehen\u201c.<\/p>\n<p>Auch Bundesinnenminister Alexander Dobrindt (CSU) erkl\u00e4rte, seine Gedanken seien bei den Opfern des Messerangriffs. \u201eEs ist schockierend, wenn Reisende hinterh\u00e4ltig und feige attackiert werden\u201c, unterstrich er. Der Minister dankte zudem den Einsatzkr\u00e4ften der Polizei, den Rettungskr\u00e4ften sowie den Helferinnen und Helfern.<\/p>\n<p>Nach ersten Ermittlungen hatte eine 39-j\u00e4hrige Deutsche laut Polizei-Mitteilung \u201eallein handelnd und offenbar wahllos auf Passanten eingestochen\u201c und 18 Personen verletzt, davon manche lebensgef\u00e4hrlich. Die Polizei nahm die Tatverd\u00e4chtige vorl\u00e4ufig fest. N\u00e4here Hintergr\u00fcnde und Umst\u00e4nde waren zun\u00e4chst nicht bekannt. Die Mordkommission habe die Ermittlungen, vor allem zum Ablauf der Tat und dem Motiv der Tatverd\u00e4chtigen, aufgenommen, hie\u00df es am fr\u00fchen Samstagmorgen.<\/p>\n<\/div>\n","protected":false},"excerpt":{"rendered":"<p>Hamburg (epd). Nach dem folgenschweren Messerangriff am Hamburger Hauptbahnhof zeigt sich die Ratsvorsitzende der Evangelischen Kirche in Deutschland (EKD), Kirsten<\/p>\n","protected":false},"author":2,"featured_media":8186,"comment_status":"closed","ping_status":"closed","sticky":false,"template":"","format":"standard","meta":{"footnotes":""},"categories":[20],"tags":[],"_links":{"self":[{"href":"https:\/\/krankenhauspfarramt.de\/index.php\/wp-json\/wp\/v2\/posts\/8185"}],"collection":[{"href":"https:\/\/krankenhauspfarramt.de\/index.php\/wp-json\/wp\/v2\/posts"}],"about":[{"href":"https:\/\/krankenhauspfarramt.de\/index.php\/wp-json\/wp\/v2\/types\/post"}],"author":[{"embeddable":true,"href":"https:\/\/krankenhauspfarramt.de\/index.php\/wp-json\/wp\/v2\/users\/2"}],"replies":[{"embeddable":true,"href":"https:\/\/krankenhauspfarramt.de\/index.php\/wp-json\/wp\/v2\/comments?post=8185"}],"version-history":[{"count":1,"href":"https:\/\/krankenhauspfarramt.de\/index.php\/wp-json\/wp\/v2\/posts\/8185\/revisions"}],"predecessor-version":[{"id":8187,"href":"https:\/\/krankenhauspfarramt.de\/index.php\/wp-json\/wp\/v2\/posts\/8185\/revisions\/8187"}],"wp:featuredmedia":[{"embeddable":true,"href":"https:\/\/krankenhauspfarramt.de\/index.php\/wp-json\/wp\/v2\/media\/8186"}],"wp:attachment":[{"href":"https:\/\/krankenhauspfarramt.de\/index.php\/wp-json\/wp\/v2\/media?parent=8185"}],"wp:term":[{"taxonomy":"category","embeddable":true,"href":"https:\/\/krankenhauspfarramt.de\/index.php\/wp-json\/wp\/v2\/categories?post=8185"},{"taxonomy":"post_tag","embeddable":true,"href":"https:\/\/krankenhauspfarramt.de\/index.php\/wp-json\/wp\/v2\/tags?post=8185"}],"curies":[{"name":"wp","href":"https:\/\/api.w.org\/{rel}","templated":true}]}}