{"id":8188,"date":"2025-05-27T08:05:28","date_gmt":"2025-05-27T08:05:28","guid":{"rendered":"https:\/\/krankenhauspfarramt.de\/index.php\/2025\/05\/27\/familiennachzug-regeln-statt-stoppen-ekd\/"},"modified":"2025-05-27T08:05:28","modified_gmt":"2025-05-27T08:05:28","slug":"familiennachzug-regeln-statt-stoppen-ekd","status":"publish","type":"post","link":"https:\/\/krankenhauspfarramt.de\/index.php\/2025\/05\/27\/familiennachzug-regeln-statt-stoppen-ekd\/","title":{"rendered":"Familiennachzug regeln statt stoppen \u2013 EKD"},"content":{"rendered":"<p> <br \/>\n<\/p>\n<div>\n<p>Das Bundeskabinett soll am Mittwoch einen Gesetzentwurf von Bundesinnenminister Alexander Dobrindt (CSU) beraten, der den Familiennachzug f\u00fcr subsidi\u00e4r Gesch\u00fctzte f\u00fcr zwei Jahre aussetzen soll. So haben es Union und SPD in ihrem Koalitionsvertrag vereinbart. Subsidi\u00e4ren Schutz erhalten Fl\u00fcchtlinge, wenn sie nicht im Sinne der Genfer Fl\u00fcchtlingskonvention als verfolgt gelten, ihnen aber dennoch Tod, Folter oder unmenschliche Behandlung im Heimatland droht, etwa wegen eines Krieges.<\/p>\n<p>St\u00e4blein bekr\u00e4ftigte: \u201eEltern und Kinder geh\u00f6ren zusammen. Geschwister geh\u00f6ren zusammen. Familien geh\u00f6ren zusammen.\u201c St\u00e4blein nannte es ein Gebot der N\u00e4chstenliebe, dass gerade Gefl\u00fcchtete und subsidi\u00e4r Schutzberechtigte nicht \u00fcber Jahre hinweg von ihren engsten Angeh\u00f6rigen getrennt blieben.<\/p>\n<p>\u00c4hnlich \u00e4u\u00dferte sich He\u00dfe: Das Grundgesetz stelle die Familie unter den besonderen Schutz der staatlichen Ordnung, sagte er der Zeitungsgruppe: \u201eDieses Schutzversprechen gilt f\u00fcr alle Familien in unserem Land &#8211; auch f\u00fcr schutzsuchende Familien\u201c, erkl\u00e4rte der Vorsitzende der Migrationskommission der Deutschen Bischofskonferenz und Sonderbeauftragte f\u00fcr Fl\u00fcchtlingsfragen.<br \/>\u00a0<\/p>\n<\/p><\/div>\n","protected":false},"excerpt":{"rendered":"<p>Das Bundeskabinett soll am Mittwoch einen Gesetzentwurf von Bundesinnenminister Alexander Dobrindt (CSU) beraten, der den Familiennachzug f\u00fcr subsidi\u00e4r Gesch\u00fctzte f\u00fcr<\/p>\n","protected":false},"author":2,"featured_media":7743,"comment_status":"closed","ping_status":"closed","sticky":false,"template":"","format":"standard","meta":{"footnotes":""},"categories":[20],"tags":[],"_links":{"self":[{"href":"https:\/\/krankenhauspfarramt.de\/index.php\/wp-json\/wp\/v2\/posts\/8188"}],"collection":[{"href":"https:\/\/krankenhauspfarramt.de\/index.php\/wp-json\/wp\/v2\/posts"}],"about":[{"href":"https:\/\/krankenhauspfarramt.de\/index.php\/wp-json\/wp\/v2\/types\/post"}],"author":[{"embeddable":true,"href":"https:\/\/krankenhauspfarramt.de\/index.php\/wp-json\/wp\/v2\/users\/2"}],"replies":[{"embeddable":true,"href":"https:\/\/krankenhauspfarramt.de\/index.php\/wp-json\/wp\/v2\/comments?post=8188"}],"version-history":[{"count":1,"href":"https:\/\/krankenhauspfarramt.de\/index.php\/wp-json\/wp\/v2\/posts\/8188\/revisions"}],"predecessor-version":[{"id":8189,"href":"https:\/\/krankenhauspfarramt.de\/index.php\/wp-json\/wp\/v2\/posts\/8188\/revisions\/8189"}],"wp:featuredmedia":[{"embeddable":true,"href":"https:\/\/krankenhauspfarramt.de\/index.php\/wp-json\/wp\/v2\/media\/7743"}],"wp:attachment":[{"href":"https:\/\/krankenhauspfarramt.de\/index.php\/wp-json\/wp\/v2\/media?parent=8188"}],"wp:term":[{"taxonomy":"category","embeddable":true,"href":"https:\/\/krankenhauspfarramt.de\/index.php\/wp-json\/wp\/v2\/categories?post=8188"},{"taxonomy":"post_tag","embeddable":true,"href":"https:\/\/krankenhauspfarramt.de\/index.php\/wp-json\/wp\/v2\/tags?post=8188"}],"curies":[{"name":"wp","href":"https:\/\/api.w.org\/{rel}","templated":true}]}}