{"id":8190,"date":"2025-05-27T11:30:34","date_gmt":"2025-05-27T11:30:34","guid":{"rendered":"https:\/\/krankenhauspfarramt.de\/index.php\/2025\/05\/27\/unsere-hoffnung-braucht-hand-und-fuss-ekd\/"},"modified":"2025-05-27T11:30:35","modified_gmt":"2025-05-27T11:30:35","slug":"unsere-hoffnung-braucht-hand-und-fuss-ekd","status":"publish","type":"post","link":"https:\/\/krankenhauspfarramt.de\/index.php\/2025\/05\/27\/unsere-hoffnung-braucht-hand-und-fuss-ekd\/","title":{"rendered":"\u201eUnsere Hoffnung braucht Hand und Fu\u00df\u201c \u2013 EKD"},"content":{"rendered":"<p> <br \/>\n<\/p>\n<div id=\"\">\n<div class=\"article--meta article--meta__border clearfix\">\n<p>                                    <time datetime=\"27.05.2025 11:00\" class=\"article--time\">27.05.2025<\/time><\/p>\n<p>                                     <strong class=\"article--type primus--overline\">Pressemitteilung<\/strong><\/p>\n<\/p><\/div>\n<h2 class=\"article--sub-headline primus--sub-headline\">Die EKD-Ratsvorsitzende ruft am Himmelfahrtstag dazu auf, mit N\u00e4chstenliebe und Engagement den Himmel auf Erden zu leben<\/h2>\n<\/p><\/div>\n<div id=\"\">\n<p>In ihrer Botschaft zu Christi Himmelfahrt ruft die Ratsvorsitzende der Evangelischen Kirche in Deutschland (EKD), Bisch\u00f6fin Kirsten Fehrs, dazu auf, mit dem Himmel im Blick das t\u00e4gliche Leben zu gestalten. \u201eEs liegt auch an uns, den Himmel hinunterzulieben in die M\u00e4chte und Gewalten irdischer Existenz\u201c, so die Ratsvorsitzende.<\/p>\n<p>Zun\u00e4chst scheint es, als sei die Geschichte von der Himmelfahrt eine Erz\u00e4hlung vom Abschied. Jesus verl\u00e4sst seine J\u00fcnger- nach 40 gemeinsamen intensiven Tagen im Anschluss an seine Auferstehung. Doch bei den zutiefst traurigen J\u00fcngern bleibt die Geschichte nicht stehen. \u201eJesus geht mit zum Segen ausgebreiteten Armen. Er fordert seine J\u00fcnger auf, weiterzusagen, was sie geh\u00f6rt und gesehen haben: Dass es einen Himmel gibt \u00fcber der Erde und Gott mitten unter uns ist\u201c, erl\u00e4utert Bisch\u00f6fin Fehrs. \u201eIn seinem Abschied liegt ein Auftrag: Es ist auch an uns Menschen, Gottes Liebe lebendig werden zu lassen.\u201c<\/p>\n<p>Die Geschichte von Christi Himmelfahrt holt unseren Glauben mitten ins Leben, ist die Bisch\u00f6fin \u00fcberzeugt. \u201eDiese Bibelgeschichte fordert uns dazu auf, nicht abzuwarten und alle Hoffnung tatenlos auf den Himmel zu verschieben. Sie will uns herausfordern und dazu bringen, Gottes Himmelreich auf Erden zu leben.\u201c Es gibt genug zu tun \u2013 f\u00fcr den Frieden, die Menschlichkeit und die Bewahrung der Sch\u00f6pfung. Sei es im Haupt- oder im Ehrenamt, sei es als Christ und Christin oder einfach als Mensch. \u201eUnsere Hoffnung braucht Hand und Fu\u00df\u201c, so Bisch\u00f6fin Fehrs. \u201eEin bekannter Meteorologe hat die Frage danach, wo der Himmel beginnt, einmal beantwortet mit: \u201aDirekt an Deinen F\u00fc\u00dfen\u2018. Daran erinnert uns der Himmelfahrtstag: Wir sind, stehen und gehen ein Leben lang mitten im Himmel. Wir durchschreiten ihn jeden Tag mit Gottes Segen.\u201c<\/p>\n<p>Christi Himmelfahrt wird 40 Tage nach Ostern gefeiert. In der Himmelfahrt kommt zum Ausdruck, dass Jesus nicht mehr leiblich unter uns ist. Christen und Christinnen vertrauen darauf, dass er dennoch mit seiner Kraft und Liebe gegenw\u00e4rtig ist. Zahlreiche Kirchengemeinden feiern ihre Himmelfahrtsgottesdienste traditionell im Freien. Informationen rund um dieses Fest finden Sie unter www.ekd.de\/himmelfahrt.<\/p>\n<p>Hannover, 27. Mai 2025<\/p>\n<p>Pressestelle der EKD<br \/>Carsten Splitt<\/p>\n<\/div>\n","protected":false},"excerpt":{"rendered":"<p>27.05.2025 Pressemitteilung Die EKD-Ratsvorsitzende ruft am Himmelfahrtstag dazu auf, mit N\u00e4chstenliebe und Engagement den Himmel auf Erden zu leben In<\/p>\n","protected":false},"author":2,"featured_media":7501,"comment_status":"closed","ping_status":"closed","sticky":false,"template":"","format":"standard","meta":{"footnotes":""},"categories":[20],"tags":[],"_links":{"self":[{"href":"https:\/\/krankenhauspfarramt.de\/index.php\/wp-json\/wp\/v2\/posts\/8190"}],"collection":[{"href":"https:\/\/krankenhauspfarramt.de\/index.php\/wp-json\/wp\/v2\/posts"}],"about":[{"href":"https:\/\/krankenhauspfarramt.de\/index.php\/wp-json\/wp\/v2\/types\/post"}],"author":[{"embeddable":true,"href":"https:\/\/krankenhauspfarramt.de\/index.php\/wp-json\/wp\/v2\/users\/2"}],"replies":[{"embeddable":true,"href":"https:\/\/krankenhauspfarramt.de\/index.php\/wp-json\/wp\/v2\/comments?post=8190"}],"version-history":[{"count":1,"href":"https:\/\/krankenhauspfarramt.de\/index.php\/wp-json\/wp\/v2\/posts\/8190\/revisions"}],"predecessor-version":[{"id":8191,"href":"https:\/\/krankenhauspfarramt.de\/index.php\/wp-json\/wp\/v2\/posts\/8190\/revisions\/8191"}],"wp:featuredmedia":[{"embeddable":true,"href":"https:\/\/krankenhauspfarramt.de\/index.php\/wp-json\/wp\/v2\/media\/7501"}],"wp:attachment":[{"href":"https:\/\/krankenhauspfarramt.de\/index.php\/wp-json\/wp\/v2\/media?parent=8190"}],"wp:term":[{"taxonomy":"category","embeddable":true,"href":"https:\/\/krankenhauspfarramt.de\/index.php\/wp-json\/wp\/v2\/categories?post=8190"},{"taxonomy":"post_tag","embeddable":true,"href":"https:\/\/krankenhauspfarramt.de\/index.php\/wp-json\/wp\/v2\/tags?post=8190"}],"curies":[{"name":"wp","href":"https:\/\/api.w.org\/{rel}","templated":true}]}}