{"id":8192,"date":"2025-05-27T12:06:51","date_gmt":"2025-05-27T12:06:51","guid":{"rendered":"https:\/\/krankenhauspfarramt.de\/index.php\/2025\/05\/27\/theologinnenkonvent-feiert-100-jaehriges-bestehen-ekd\/"},"modified":"2025-05-27T12:06:52","modified_gmt":"2025-05-27T12:06:52","slug":"theologinnenkonvent-feiert-100-jaehriges-bestehen-ekd","status":"publish","type":"post","link":"https:\/\/krankenhauspfarramt.de\/index.php\/2025\/05\/27\/theologinnenkonvent-feiert-100-jaehriges-bestehen-ekd\/","title":{"rendered":"Theologinnenkonvent feiert 100-j\u00e4hriges Bestehen \u2013 EKD"},"content":{"rendered":"<p> <br \/>\n<\/p>\n<div>\n<p>Marburg, L\u00fcbeck (epd). Der Konvent evangelischer Theologinnen feiert vom 22. bis 25. Juni an seinem Gr\u00fcndungsort in Marburg sein 100-j\u00e4hriges Bestehen. Die Jahrestagung stehe unter dem Titel \u201eMit Pumps und Talar\u201c, teilte die Vorsitzende, Pastorin Margit Baumgarten, in L\u00fcbeck mit. Elf Theologiestudentinnen gr\u00fcndeten vor 100 Jahren in Marburg den Theologinnenkonvent. Es ging ihnen um Berufsperspektiven f\u00fcr Frauen, gegenseitigen Austausch und Einfluss auf die kirchliche Gesetzgebung &#8211; Ziele, die bis heute aktuell sind.<\/p>\n<\/p><\/div>\n<div id=\"\">\n<p>\u201eEs war ein langer, steiniger Weg, den die ersten Kolleginnen gegangen sind\u201c, sagte die Vorsitzende des Theologinnenkonvents, Margit Baumgarten, dem Evangelischen Pressedienst (epd). Gr\u00f6\u00dfte Errungenschaft in den 100 Jahren sei die Ordination von Theologinnen in allen deutschen Landeskirchen gewesen. Der Beschluss der letzten Landeskirche &#8211; Schaumburg-Lippe &#8211; fiel allerdings erst 1991.<\/p>\n<p>Auch heute f\u00e4nden sich in der kirchlichen Leitungsebene noch immer mehr M\u00e4nner als Frauen. Aktuell sei sogar eine R\u00fcckw\u00e4rtsbewegung festzustellen, bemerkte Baumgarten: \u201eM\u00e4nner f\u00fchlen sich unterprivilegiert und fordern Einschr\u00e4nkungen f\u00fcr Frauen.\u201c Oder sie erkl\u00e4rten den Bedeutungsverlust der Kirche im Zuge der S\u00e4kularisierung als zu vielen Frauen im Amt geschuldet. Es gelte daher, die Anliegen der Frauen beharrlich zu verfolgen.<\/p>\n<p>Auf ihrer Jahrestagung erwartet der Theologinnenkonvent als Tischrednerin unter anderem die Bisch\u00f6fin der Evangelischen Kirche von Kurhessen-Waldeck, Beate Hofmann. In einem \u201eOpen Space\u201c am 23. Juni geht es um die Zukunft des Theologinnenkonvents. Zum Programm geh\u00f6ren au\u00dferdem ein \u00f6kumenischer Abend sowie die Mitgliederversammlung. Der Konvent hat 216 Einzelmitglieder und 12 korporative Mitglieder in den Konventen der Landeskirchen, sodass er Baumgarten zufolge rund 400 bis 500 Theologinnen vertritt.<br \/>\u00a0<\/p>\n<\/div>\n","protected":false},"excerpt":{"rendered":"<p>Marburg, L\u00fcbeck (epd). Der Konvent evangelischer Theologinnen feiert vom 22. bis 25. Juni an seinem Gr\u00fcndungsort in Marburg sein 100-j\u00e4hriges<\/p>\n","protected":false},"author":2,"featured_media":8193,"comment_status":"closed","ping_status":"closed","sticky":false,"template":"","format":"standard","meta":{"footnotes":""},"categories":[20],"tags":[],"_links":{"self":[{"href":"https:\/\/krankenhauspfarramt.de\/index.php\/wp-json\/wp\/v2\/posts\/8192"}],"collection":[{"href":"https:\/\/krankenhauspfarramt.de\/index.php\/wp-json\/wp\/v2\/posts"}],"about":[{"href":"https:\/\/krankenhauspfarramt.de\/index.php\/wp-json\/wp\/v2\/types\/post"}],"author":[{"embeddable":true,"href":"https:\/\/krankenhauspfarramt.de\/index.php\/wp-json\/wp\/v2\/users\/2"}],"replies":[{"embeddable":true,"href":"https:\/\/krankenhauspfarramt.de\/index.php\/wp-json\/wp\/v2\/comments?post=8192"}],"version-history":[{"count":1,"href":"https:\/\/krankenhauspfarramt.de\/index.php\/wp-json\/wp\/v2\/posts\/8192\/revisions"}],"predecessor-version":[{"id":8194,"href":"https:\/\/krankenhauspfarramt.de\/index.php\/wp-json\/wp\/v2\/posts\/8192\/revisions\/8194"}],"wp:featuredmedia":[{"embeddable":true,"href":"https:\/\/krankenhauspfarramt.de\/index.php\/wp-json\/wp\/v2\/media\/8193"}],"wp:attachment":[{"href":"https:\/\/krankenhauspfarramt.de\/index.php\/wp-json\/wp\/v2\/media?parent=8192"}],"wp:term":[{"taxonomy":"category","embeddable":true,"href":"https:\/\/krankenhauspfarramt.de\/index.php\/wp-json\/wp\/v2\/categories?post=8192"},{"taxonomy":"post_tag","embeddable":true,"href":"https:\/\/krankenhauspfarramt.de\/index.php\/wp-json\/wp\/v2\/tags?post=8192"}],"curies":[{"name":"wp","href":"https:\/\/api.w.org\/{rel}","templated":true}]}}