{"id":8195,"date":"2025-05-27T16:07:56","date_gmt":"2025-05-27T16:07:56","guid":{"rendered":"https:\/\/krankenhauspfarramt.de\/index.php\/2025\/05\/27\/gottes-himmelreich-auf-erden-leben-ekd\/"},"modified":"2025-05-27T16:07:57","modified_gmt":"2025-05-27T16:07:57","slug":"gottes-himmelreich-auf-erden-leben-ekd","status":"publish","type":"post","link":"https:\/\/krankenhauspfarramt.de\/index.php\/2025\/05\/27\/gottes-himmelreich-auf-erden-leben-ekd\/","title":{"rendered":"Gottes Himmelreich auf Erden leben \u2013 EKD"},"content":{"rendered":"<p> <br \/>\n<\/p>\n<div>\n<p>Die Hamburger Bisch\u00f6fin erkl\u00e4rte, es gebe genug zu tun, etwa f\u00fcr den Frieden, die Menschlichkeit und die Bewahrung der Sch\u00f6pfung. \u201eSei es im Haupt- oder im Ehrenamt, sei es als Christ und Christin oder einfach als Mensch\u201c, sagte sie. \u201eEs liegt auch an uns, den Himmel hinunterzulieben in die M\u00e4chte und Gewalten irdischer Existenz.\u201c<\/p>\n<p>Christi Himmelfahrt ist fester Teil des christlichen Festkalenders: Der Feiertag wird seit dem vierten Jahrhundert immer 40 Tage nach Ostern begangen. Laut der biblischen Erz\u00e4hlung wird der nach seiner Kreuzigung vom Tod auferstandene Jesus Christus vor den Augen seiner J\u00fcnger \u201eemporgehoben\u201c: \u201eEine Wolke nahm ihn auf, weg von ihren Augen\u201c (Apostelgeschichte 1,9). Dies ist auch ein bevorzugtes Motiv in der bildenden Kunst.<\/p>\n<p>Himmelfahrt wird allerdings in der Theologie kaum noch w\u00f6rtlich als Reise verstanden. Der Himmel ist danach kein geografischer Ort, sondern der Herrschaftsbereich Gottes. Zahlreiche Kirchengemeinden feiern ihre Himmelfahrtsgottesdienste traditionell im Freien.<br \/>\u00a0<\/p>\n<\/p><\/div>\n","protected":false},"excerpt":{"rendered":"<p>Die Hamburger Bisch\u00f6fin erkl\u00e4rte, es gebe genug zu tun, etwa f\u00fcr den Frieden, die Menschlichkeit und die Bewahrung der Sch\u00f6pfung.<\/p>\n","protected":false},"author":2,"featured_media":7498,"comment_status":"closed","ping_status":"closed","sticky":false,"template":"","format":"standard","meta":{"footnotes":""},"categories":[20],"tags":[],"_links":{"self":[{"href":"https:\/\/krankenhauspfarramt.de\/index.php\/wp-json\/wp\/v2\/posts\/8195"}],"collection":[{"href":"https:\/\/krankenhauspfarramt.de\/index.php\/wp-json\/wp\/v2\/posts"}],"about":[{"href":"https:\/\/krankenhauspfarramt.de\/index.php\/wp-json\/wp\/v2\/types\/post"}],"author":[{"embeddable":true,"href":"https:\/\/krankenhauspfarramt.de\/index.php\/wp-json\/wp\/v2\/users\/2"}],"replies":[{"embeddable":true,"href":"https:\/\/krankenhauspfarramt.de\/index.php\/wp-json\/wp\/v2\/comments?post=8195"}],"version-history":[{"count":1,"href":"https:\/\/krankenhauspfarramt.de\/index.php\/wp-json\/wp\/v2\/posts\/8195\/revisions"}],"predecessor-version":[{"id":8196,"href":"https:\/\/krankenhauspfarramt.de\/index.php\/wp-json\/wp\/v2\/posts\/8195\/revisions\/8196"}],"wp:featuredmedia":[{"embeddable":true,"href":"https:\/\/krankenhauspfarramt.de\/index.php\/wp-json\/wp\/v2\/media\/7498"}],"wp:attachment":[{"href":"https:\/\/krankenhauspfarramt.de\/index.php\/wp-json\/wp\/v2\/media?parent=8195"}],"wp:term":[{"taxonomy":"category","embeddable":true,"href":"https:\/\/krankenhauspfarramt.de\/index.php\/wp-json\/wp\/v2\/categories?post=8195"},{"taxonomy":"post_tag","embeddable":true,"href":"https:\/\/krankenhauspfarramt.de\/index.php\/wp-json\/wp\/v2\/tags?post=8195"}],"curies":[{"name":"wp","href":"https:\/\/api.w.org\/{rel}","templated":true}]}}