{"id":8197,"date":"2025-05-27T20:08:29","date_gmt":"2025-05-27T20:08:29","guid":{"rendered":"https:\/\/krankenhauspfarramt.de\/index.php\/2025\/05\/27\/thomas-schlegel-wird-neuer-direktor-bei-midi-ekd\/"},"modified":"2025-05-27T20:08:30","modified_gmt":"2025-05-27T20:08:30","slug":"thomas-schlegel-wird-neuer-direktor-bei-midi-ekd","status":"publish","type":"post","link":"https:\/\/krankenhauspfarramt.de\/index.php\/2025\/05\/27\/thomas-schlegel-wird-neuer-direktor-bei-midi-ekd\/","title":{"rendered":"Thomas Schlegel wird neuer Direktor bei midi \u2013 EKD"},"content":{"rendered":"<p> <br \/>\n<\/p>\n<div id=\"\">\n<p>Schlegel war zuvor im Landeskirchenamt der Evangelischen Kirche in Mitteldeutschland (EKM) f\u00fcr das Referat Gemeinde und Seelsorge sowie f\u00fcr die sogenannten \u201eErprobungsr\u00e4ume\u201c zust\u00e4ndig. Zudem ist er wissenschaftlicher Mitarbeiter an der Forschungsstelle f\u00fcr Missionale Kirchen- und Gemeindeentwicklung an der Universit\u00e4t Halle.<\/p>\n<p>Bei der Einf\u00fchrung wurde Schlegel unter anderem von Diakoniepr\u00e4sident R\u00fcdiger Schuch, EKD-Ratsmitglied Dr. Michael Diener, Oberkirchenr\u00e4tin Claudia Kusch (EKD) sowie dem Vorsitzenden der Arbeitsgemeinschaft Missionarische Dienste, OKR a.D. Dieter Kaufmann, mit herzlichen Worten willkommen gehei\u00dfen.<\/p>\n<p>Gleichzeitig wurde der bisherige Direktor, Dr. Klaus Douglass, feierlich verabschiedet. Er hatte die Arbeitsstelle seit 2020 geleitet und tritt nun in den Ruhestand. Die Veranstaltung wurde von zahlreichen Vertreterinnen und Vertretern aus Kirche und Diakonie begleitet.<\/p>\n<p>Die &#8222;Evangelische Arbeitsstelle f\u00fcr missionarische Kirchenentwicklung und diakonische Profilbildung&#8220; ist eine Arbeitsstelle der Diakonie Deutschland, die aber gemeinsam mit der EKD und der Arbeitsgemeinschaft Missionarische Dienste getragen, finanziert und gef\u00fchrt wird.\u00a0<\/p>\n<\/div>\n","protected":false},"excerpt":{"rendered":"<p>Schlegel war zuvor im Landeskirchenamt der Evangelischen Kirche in Mitteldeutschland (EKM) f\u00fcr das Referat Gemeinde und Seelsorge sowie f\u00fcr die<\/p>\n","protected":false},"author":2,"featured_media":8198,"comment_status":"closed","ping_status":"closed","sticky":false,"template":"","format":"standard","meta":{"footnotes":""},"categories":[20],"tags":[],"_links":{"self":[{"href":"https:\/\/krankenhauspfarramt.de\/index.php\/wp-json\/wp\/v2\/posts\/8197"}],"collection":[{"href":"https:\/\/krankenhauspfarramt.de\/index.php\/wp-json\/wp\/v2\/posts"}],"about":[{"href":"https:\/\/krankenhauspfarramt.de\/index.php\/wp-json\/wp\/v2\/types\/post"}],"author":[{"embeddable":true,"href":"https:\/\/krankenhauspfarramt.de\/index.php\/wp-json\/wp\/v2\/users\/2"}],"replies":[{"embeddable":true,"href":"https:\/\/krankenhauspfarramt.de\/index.php\/wp-json\/wp\/v2\/comments?post=8197"}],"version-history":[{"count":1,"href":"https:\/\/krankenhauspfarramt.de\/index.php\/wp-json\/wp\/v2\/posts\/8197\/revisions"}],"predecessor-version":[{"id":8199,"href":"https:\/\/krankenhauspfarramt.de\/index.php\/wp-json\/wp\/v2\/posts\/8197\/revisions\/8199"}],"wp:featuredmedia":[{"embeddable":true,"href":"https:\/\/krankenhauspfarramt.de\/index.php\/wp-json\/wp\/v2\/media\/8198"}],"wp:attachment":[{"href":"https:\/\/krankenhauspfarramt.de\/index.php\/wp-json\/wp\/v2\/media?parent=8197"}],"wp:term":[{"taxonomy":"category","embeddable":true,"href":"https:\/\/krankenhauspfarramt.de\/index.php\/wp-json\/wp\/v2\/categories?post=8197"},{"taxonomy":"post_tag","embeddable":true,"href":"https:\/\/krankenhauspfarramt.de\/index.php\/wp-json\/wp\/v2\/tags?post=8197"}],"curies":[{"name":"wp","href":"https:\/\/api.w.org\/{rel}","templated":true}]}}