{"id":8200,"date":"2025-05-28T12:13:44","date_gmt":"2025-05-28T12:13:44","guid":{"rendered":"https:\/\/krankenhauspfarramt.de\/index.php\/2025\/05\/28\/papierlose-meetings-ekd\/"},"modified":"2025-05-28T12:13:47","modified_gmt":"2025-05-28T12:13:47","slug":"papierlose-meetings-ekd","status":"publish","type":"post","link":"https:\/\/krankenhauspfarramt.de\/index.php\/2025\/05\/28\/papierlose-meetings-ekd\/","title":{"rendered":"Papierlose Meetings \u2013 EKD"},"content":{"rendered":"<p> <br \/>\n<\/p>\n<div id=\"\">\n<p>Der Evangelische Kirchenkreis Barnim will seine Sitzungs- und Besprechungskultur zukunftsf\u00e4hig gestalten \u2013 mit weniger Papier und mehr digitaler Beteiligung. Im Zentrum steht dabei nicht die Technik selbst, sondern der organisatorische Wandel, den sie erm\u00f6glicht.<\/p>\n<p>Im Projekt \u201ePapierlose Meetings\u201c wird der Besprechungsraum der Superintendentur in Eberswalde mit einem mobilen Bildschirm, einem Notebook und Lautsprechern ausgestattet. Damit k\u00f6nnen Pr\u00e4sentationen, Videokonferenzen und Schulungen einfach durchgef\u00fchrt werden \u2013 sowohl intern als auch mit Ehrenamtlichen.<\/p>\n<p>Ziel ist eine nachhaltige Ver\u00e4nderung: Besprechungen sollen hybrid m\u00f6glich sein, Tischvorlagen digital bereitgestellt werden und Dienstreisen reduziert werden. Die Technik dient dabei als Erm\u00f6glichungsstruktur \u2013 sie soll Mitarbeitende im Umgang mit digitalen Tools schulen und so die Basis f\u00fcr eine neue Sitzungskultur im gesamten Kirchenkreis schaffen.<\/p>\n<p>Gef\u00f6rdert wird das Projekt mit 1.720 Euro aus dem Digitalinnovationsfonds.<\/p>\n<\/div>\n","protected":false},"excerpt":{"rendered":"<p>Der Evangelische Kirchenkreis Barnim will seine Sitzungs- und Besprechungskultur zukunftsf\u00e4hig gestalten \u2013 mit weniger Papier und mehr digitaler Beteiligung. Im<\/p>\n","protected":false},"author":2,"featured_media":8201,"comment_status":"closed","ping_status":"closed","sticky":false,"template":"","format":"standard","meta":{"footnotes":""},"categories":[20],"tags":[],"_links":{"self":[{"href":"https:\/\/krankenhauspfarramt.de\/index.php\/wp-json\/wp\/v2\/posts\/8200"}],"collection":[{"href":"https:\/\/krankenhauspfarramt.de\/index.php\/wp-json\/wp\/v2\/posts"}],"about":[{"href":"https:\/\/krankenhauspfarramt.de\/index.php\/wp-json\/wp\/v2\/types\/post"}],"author":[{"embeddable":true,"href":"https:\/\/krankenhauspfarramt.de\/index.php\/wp-json\/wp\/v2\/users\/2"}],"replies":[{"embeddable":true,"href":"https:\/\/krankenhauspfarramt.de\/index.php\/wp-json\/wp\/v2\/comments?post=8200"}],"version-history":[{"count":1,"href":"https:\/\/krankenhauspfarramt.de\/index.php\/wp-json\/wp\/v2\/posts\/8200\/revisions"}],"predecessor-version":[{"id":8202,"href":"https:\/\/krankenhauspfarramt.de\/index.php\/wp-json\/wp\/v2\/posts\/8200\/revisions\/8202"}],"wp:featuredmedia":[{"embeddable":true,"href":"https:\/\/krankenhauspfarramt.de\/index.php\/wp-json\/wp\/v2\/media\/8201"}],"wp:attachment":[{"href":"https:\/\/krankenhauspfarramt.de\/index.php\/wp-json\/wp\/v2\/media?parent=8200"}],"wp:term":[{"taxonomy":"category","embeddable":true,"href":"https:\/\/krankenhauspfarramt.de\/index.php\/wp-json\/wp\/v2\/categories?post=8200"},{"taxonomy":"post_tag","embeddable":true,"href":"https:\/\/krankenhauspfarramt.de\/index.php\/wp-json\/wp\/v2\/tags?post=8200"}],"curies":[{"name":"wp","href":"https:\/\/api.w.org\/{rel}","templated":true}]}}