{"id":8206,"date":"2025-05-28T20:15:12","date_gmt":"2025-05-28T20:15:12","guid":{"rendered":"https:\/\/krankenhauspfarramt.de\/index.php\/2025\/05\/28\/lokin-pod-der-lokstedt-podcast-staffel-1-ekd\/"},"modified":"2025-05-28T20:15:15","modified_gmt":"2025-05-28T20:15:15","slug":"lokin-pod-der-lokstedt-podcast-staffel-1-ekd","status":"publish","type":"post","link":"https:\/\/krankenhauspfarramt.de\/index.php\/2025\/05\/28\/lokin-pod-der-lokstedt-podcast-staffel-1-ekd\/","title":{"rendered":"LokIn Pod \u2013 Der Lokstedt Podcast (Staffel 1) \u2013 EKD"},"content":{"rendered":"<p> <br \/>\n<\/p>\n<div id=\"\">\n<p>Im Hamburger Stadtteil Lokstedt startet ein neues Projekt der digitalen \u00d6ffentlichkeitsarbeit: Im Podcast \u201eLokIn Pod\u201c sprechen zwei Pastoren mit pr\u00e4genden Pers\u00f6nlichkeiten des Stadtteils \u2013 darunter Schulleitungen, Vereinsvertretenden und Medienmenschen aus dem Stadtteil. \u00a0Im Mittelpunkt stehen Stadtteilerfahrungen, pers\u00f6nliche Werte und die Frage nach der Rolle von Kirche in der heutigen Gesellschaft. Dabei geht es um mehr als reine Information: Der Podcast will Zuh\u00f6rende ber\u00fchren, zum Nachdenken anregen und Verbindungen zwischen Kirche und Stadtgesellschaft st\u00e4rken.<\/p>\n<p>Zum Auftakt gibt es eine Videofolge \u2013 sieben weitere Episoden folgen, abrufbar auf g\u00e4ngigen Plattformen.<\/p>\n<p>Gef\u00f6rdert wird das Projekt mit 2.000 Euro aus dem Digitalinnovationsfonds.<\/p>\n<\/div>\n","protected":false},"excerpt":{"rendered":"<p>Im Hamburger Stadtteil Lokstedt startet ein neues Projekt der digitalen \u00d6ffentlichkeitsarbeit: Im Podcast \u201eLokIn Pod\u201c sprechen zwei Pastoren mit pr\u00e4genden<\/p>\n","protected":false},"author":2,"featured_media":8207,"comment_status":"closed","ping_status":"closed","sticky":false,"template":"","format":"standard","meta":{"footnotes":""},"categories":[20],"tags":[],"_links":{"self":[{"href":"https:\/\/krankenhauspfarramt.de\/index.php\/wp-json\/wp\/v2\/posts\/8206"}],"collection":[{"href":"https:\/\/krankenhauspfarramt.de\/index.php\/wp-json\/wp\/v2\/posts"}],"about":[{"href":"https:\/\/krankenhauspfarramt.de\/index.php\/wp-json\/wp\/v2\/types\/post"}],"author":[{"embeddable":true,"href":"https:\/\/krankenhauspfarramt.de\/index.php\/wp-json\/wp\/v2\/users\/2"}],"replies":[{"embeddable":true,"href":"https:\/\/krankenhauspfarramt.de\/index.php\/wp-json\/wp\/v2\/comments?post=8206"}],"version-history":[{"count":1,"href":"https:\/\/krankenhauspfarramt.de\/index.php\/wp-json\/wp\/v2\/posts\/8206\/revisions"}],"predecessor-version":[{"id":8208,"href":"https:\/\/krankenhauspfarramt.de\/index.php\/wp-json\/wp\/v2\/posts\/8206\/revisions\/8208"}],"wp:featuredmedia":[{"embeddable":true,"href":"https:\/\/krankenhauspfarramt.de\/index.php\/wp-json\/wp\/v2\/media\/8207"}],"wp:attachment":[{"href":"https:\/\/krankenhauspfarramt.de\/index.php\/wp-json\/wp\/v2\/media?parent=8206"}],"wp:term":[{"taxonomy":"category","embeddable":true,"href":"https:\/\/krankenhauspfarramt.de\/index.php\/wp-json\/wp\/v2\/categories?post=8206"},{"taxonomy":"post_tag","embeddable":true,"href":"https:\/\/krankenhauspfarramt.de\/index.php\/wp-json\/wp\/v2\/tags?post=8206"}],"curies":[{"name":"wp","href":"https:\/\/api.w.org\/{rel}","templated":true}]}}