{"id":8209,"date":"2025-05-28T22:40:32","date_gmt":"2025-05-28T22:40:32","guid":{"rendered":"https:\/\/krankenhauspfarramt.de\/index.php\/2025\/05\/28\/28-05-2025-pfarrer-dr-joachim-kummer-55-wird-neuer-dekan-des-kirchenbezirks-aalen\/"},"modified":"2025-05-28T22:40:32","modified_gmt":"2025-05-28T22:40:32","slug":"28-05-2025-pfarrer-dr-joachim-kummer-55-wird-neuer-dekan-des-kirchenbezirks-aalen","status":"publish","type":"post","link":"https:\/\/krankenhauspfarramt.de\/index.php\/2025\/05\/28\/28-05-2025-pfarrer-dr-joachim-kummer-55-wird-neuer-dekan-des-kirchenbezirks-aalen\/","title":{"rendered":"28.05.2025 Pfarrer Dr. Joachim Kummer (55) wird neuer Dekan des Kirchenbezirks Aalen"},"content":{"rendered":"<p><\/p>\n<div>\n<h2><span>\u201eKirche soll auch bei r\u00fcckl\u00e4ufigen Zahlen mit ihrem Kernauftrag in der Fl\u00e4che pr\u00e4sent bleiben, sich anbieten und einmischen, sichtbar und h\u00f6rbar.\u201c<\/span><\/h2>\n<p>Stuttgart\/Aalen. Dr. Joachim Kummer wird neuer Dekan des Kirchenbezirks Aalen. Er folgt auf Ralf Drescher, der in den Ruhestand gegangen ist. Der genaue Termin des Stellenantritts steht noch nicht fest.\u00a0Aktuell ist\u00a0Joachim Kummer\u00a0als gesch\u00e4ftsf\u00fchrender Pfarrer in Giengen an der Brenz (Mitte) t\u00e4tig.\u00a0<\/p>\n<p>\u00dcber seine neue Aufgabe sagt Kummer: \u201eEs ist eine bleibende Aufgabe, f\u00fcr das Wirken der Kirche in Gemeinde und Bezirk zeitgem\u00e4\u00dfe Rahmenbedingungen zu schaffen, um die Menschen zu erreichen. Die Kirchenbezirke Aalen und Schw\u00e4bisch Gm\u00fcnd stehen vor der Fusion. Vieles ist schon mit kluger \u00dcberlegung eingespurt. F\u00fcr mich ist es wichtig, dass die Kirche auch bei r\u00fcckl\u00e4ufigen Zahlen mit ihrem Kernauftrag in der Fl\u00e4che pr\u00e4sent bleibt, sich anbietet und einmischt, sichtbar und h\u00f6rbar. So werden wir, was wir sind: \u201eSalz der Erde\u201c und \u201eLicht der Welt\u201c (Mt 5,13f).\u201c<\/p>\n<p>In Stuttgart geboren und in einem hohenlohischen Pfarrhaus aufgewachsen, studierte Kummer nach dem Wehrdienst in T\u00fcbingen und Erlangen Theologie und war anschlie\u00dfend Vikar in Langenburg. W\u00e4hrend seiner T\u00e4tigkeit als Studienassistent am Albrecht-Bengel-Haus in T\u00fcbingen schrieb er seine Dissertation zur \u201ePolitischen Ethik im 20. Jahrhundert\u201c. Darauf folgten sechs Jahre im st\u00e4ndigen Pfarrdienst im Kirchenbezirk Nagold. Seit mehr als 13 Jahren ist er gesch\u00e4ftsf\u00fchrender Pfarrer in Giengen an der Brenz. Dazu z\u00e4hlen auch Verwaltung und Personalverantwortung f\u00fcr f\u00fcnf Kinderg\u00e4rten. Kummer hat zudem den Vorsitz des \u00d6kumenischen Diakonie- und Krankenpflegevereins inne, der u.a. einen Tafelladen und die Seniorenalltagshilfe betreibt.<\/p>\n<p>Joachim Kummer engagiert sich dar\u00fcber hinaus in der theologischen Pfarrerfortbildung (KTA) und als Kirchenmusikpfarrer. Seit \u00fcber zwanzig Jahren ist er Beisitzer im 1. Theologischen Examen und seit etwa 15 Jahren Korrektor im 2. Theologischen Examen. Zudem h\u00e4lt er Vortr\u00e4ge und Seminare in Gemeinden und bei Gremien.<\/p>\n<p>Joachim Kummer ist verheiratet und hat sieben Kinder. Seine Frau ist Pfarrerin an der Pauluskirche in Heidenheim.\u00a0<\/p>\n<p>In seiner Freizeit liest Kummer gerne, f\u00e4hrt Rad und begeistert sich f\u00fcrs Degenfechten.<\/p>\n<p>Dan Peter<br \/>Sprecher der Landeskirche<\/p>\n<p>\u00a0<\/p>\n<\/p><\/div>\n","protected":false},"excerpt":{"rendered":"<p>\u201eKirche soll auch bei r\u00fcckl\u00e4ufigen Zahlen mit ihrem Kernauftrag in der Fl\u00e4che pr\u00e4sent bleiben, sich anbieten und einmischen, sichtbar und<\/p>\n","protected":false},"author":1,"featured_media":0,"comment_status":"closed","ping_status":"closed","sticky":false,"template":"","format":"standard","meta":{"footnotes":""},"categories":[21],"tags":[],"_links":{"self":[{"href":"https:\/\/krankenhauspfarramt.de\/index.php\/wp-json\/wp\/v2\/posts\/8209"}],"collection":[{"href":"https:\/\/krankenhauspfarramt.de\/index.php\/wp-json\/wp\/v2\/posts"}],"about":[{"href":"https:\/\/krankenhauspfarramt.de\/index.php\/wp-json\/wp\/v2\/types\/post"}],"author":[{"embeddable":true,"href":"https:\/\/krankenhauspfarramt.de\/index.php\/wp-json\/wp\/v2\/users\/1"}],"replies":[{"embeddable":true,"href":"https:\/\/krankenhauspfarramt.de\/index.php\/wp-json\/wp\/v2\/comments?post=8209"}],"version-history":[{"count":0,"href":"https:\/\/krankenhauspfarramt.de\/index.php\/wp-json\/wp\/v2\/posts\/8209\/revisions"}],"wp:attachment":[{"href":"https:\/\/krankenhauspfarramt.de\/index.php\/wp-json\/wp\/v2\/media?parent=8209"}],"wp:term":[{"taxonomy":"category","embeddable":true,"href":"https:\/\/krankenhauspfarramt.de\/index.php\/wp-json\/wp\/v2\/categories?post=8209"},{"taxonomy":"post_tag","embeddable":true,"href":"https:\/\/krankenhauspfarramt.de\/index.php\/wp-json\/wp\/v2\/tags?post=8209"}],"curies":[{"name":"wp","href":"https:\/\/api.w.org\/{rel}","templated":true}]}}