{"id":8213,"date":"2025-05-29T04:19:41","date_gmt":"2025-05-29T04:19:41","guid":{"rendered":"https:\/\/krankenhauspfarramt.de\/index.php\/2025\/05\/29\/vision-2025-kirche-im-wandel-ekd\/"},"modified":"2025-05-29T04:19:45","modified_gmt":"2025-05-29T04:19:45","slug":"vision-2025-kirche-im-wandel-ekd","status":"publish","type":"post","link":"https:\/\/krankenhauspfarramt.de\/index.php\/2025\/05\/29\/vision-2025-kirche-im-wandel-ekd\/","title":{"rendered":"Vision 2025 \u2013 Kirche im Wandel \u2013 EKD"},"content":{"rendered":"<p> <br \/>\n<\/p>\n<div id=\"\">\n<p>Die Evangelische Kirchengemeinde Am Hohenstaufen stellt ihre Jugendarbeit und \u00d6ffentlichkeitsarbeit neu auf \u2013 digital, sichtbar und zug\u00e4nglich. Unter dem Titel \u201eVision 2025\u201c wird gezielt in digitale Kommunikation investiert, um das Gemeindeleben f\u00fcr junge Menschen erfahrbar zu machen.<\/p>\n<p>Kameraequipment dient dabei nicht als Selbstzweck, sondern als Werkzeug: Es hilft, Jugendgottesdienste, Gruppenangebote wie \u201ePowered by Jesus\u201c und Einblicke in den Gemeindealltag professionell zu dokumentieren und \u00fcber soziale Medien zu verbreiten. So werden insbesondere Jugendliche angesprochen und auch Menschen erreicht, die physisch nicht vor Ort sein k\u00f6nnen.<\/p>\n<p>Ziel ist es, den Au\u00dfenauftritt der Gemeinde zu verbessern, mehr Teilnehmende f\u00fcr Jugendangebote zu gewinnen und neue Ber\u00fchrungspunkte mit dem Glauben zu schaffen \u2013 niedrigschwellig, visuell und lebensnah. Die technische Aufr\u00fcstung bildet dabei die Basis f\u00fcr ein nachhaltiges Kommunikationskonzept.<\/p>\n<p>Gef\u00f6rdert wird das Projekt mit 2.000 Euro aus dem Digitalinnovationsfonds.<\/p>\n<\/div>\n","protected":false},"excerpt":{"rendered":"<p>Die Evangelische Kirchengemeinde Am Hohenstaufen stellt ihre Jugendarbeit und \u00d6ffentlichkeitsarbeit neu auf \u2013 digital, sichtbar und zug\u00e4nglich. Unter dem Titel<\/p>\n","protected":false},"author":2,"featured_media":8214,"comment_status":"closed","ping_status":"closed","sticky":false,"template":"","format":"standard","meta":{"footnotes":""},"categories":[20],"tags":[],"_links":{"self":[{"href":"https:\/\/krankenhauspfarramt.de\/index.php\/wp-json\/wp\/v2\/posts\/8213"}],"collection":[{"href":"https:\/\/krankenhauspfarramt.de\/index.php\/wp-json\/wp\/v2\/posts"}],"about":[{"href":"https:\/\/krankenhauspfarramt.de\/index.php\/wp-json\/wp\/v2\/types\/post"}],"author":[{"embeddable":true,"href":"https:\/\/krankenhauspfarramt.de\/index.php\/wp-json\/wp\/v2\/users\/2"}],"replies":[{"embeddable":true,"href":"https:\/\/krankenhauspfarramt.de\/index.php\/wp-json\/wp\/v2\/comments?post=8213"}],"version-history":[{"count":1,"href":"https:\/\/krankenhauspfarramt.de\/index.php\/wp-json\/wp\/v2\/posts\/8213\/revisions"}],"predecessor-version":[{"id":8215,"href":"https:\/\/krankenhauspfarramt.de\/index.php\/wp-json\/wp\/v2\/posts\/8213\/revisions\/8215"}],"wp:featuredmedia":[{"embeddable":true,"href":"https:\/\/krankenhauspfarramt.de\/index.php\/wp-json\/wp\/v2\/media\/8214"}],"wp:attachment":[{"href":"https:\/\/krankenhauspfarramt.de\/index.php\/wp-json\/wp\/v2\/media?parent=8213"}],"wp:term":[{"taxonomy":"category","embeddable":true,"href":"https:\/\/krankenhauspfarramt.de\/index.php\/wp-json\/wp\/v2\/categories?post=8213"},{"taxonomy":"post_tag","embeddable":true,"href":"https:\/\/krankenhauspfarramt.de\/index.php\/wp-json\/wp\/v2\/tags?post=8213"}],"curies":[{"name":"wp","href":"https:\/\/api.w.org\/{rel}","templated":true}]}}