{"id":8216,"date":"2025-06-02T09:19:42","date_gmt":"2025-06-02T09:19:42","guid":{"rendered":"https:\/\/krankenhauspfarramt.de\/index.php\/2025\/06\/02\/thomas-rachel-neuer-beauftragter-fuer-weltweite-religionsfreiheit-ekd\/"},"modified":"2025-06-02T09:19:43","modified_gmt":"2025-06-02T09:19:43","slug":"thomas-rachel-neuer-beauftragter-fuer-weltweite-religionsfreiheit-ekd","status":"publish","type":"post","link":"https:\/\/krankenhauspfarramt.de\/index.php\/2025\/06\/02\/thomas-rachel-neuer-beauftragter-fuer-weltweite-religionsfreiheit-ekd\/","title":{"rendered":"Thomas Rachel neuer Beauftragter f\u00fcr weltweite Religionsfreiheit \u2013 EKD"},"content":{"rendered":"<p> <br \/>\n<\/p>\n<div id=\"\">\n<p>Rachel war in der vergangenen Wahlperiode Sprecher der Unionsfraktion f\u00fcr Kirchen und Religionsgemeinschaften. Bei den Verhandlungen f\u00fcr die aktuelle schwarz-rote Koalition war Rachel Mitglied der Arbeitsgruppe f\u00fcr Au\u00dfen- und Verteidigungspolitik, Entwicklungszusammenarbeit und Menschenrechte. Der 63-J\u00e4hrige geh\u00f6rt zudem dem Rat der Evangelischen Kirche in Deutschland (EKD) an.<\/p>\n<p>Die Ratsvorsitzende der Evangelischen Kirche in Deutschland (EKD), Kirsten Fehrs, sagte, sie erlebe Rachel im Rat der EKD \u201eals hochengagierten Christen und als zugewandte und integre Pers\u00f6nlichkeit\u201c, die Br\u00fccken baue zwischen Weltanschauungen, Konfessionen und Kulturen. \u201eDass er sich nun in dieser Rolle f\u00fcr Religionsfreiheit weltweit einsetzt, ist ein Gewinn f\u00fcr alle, die sich f\u00fcr dieses Menschenrecht starkmachen\u201c, sagte Fehrs dem Evangelischen Pressedienst (epd).<\/p>\n<p>Das Amt des Beauftragten f\u00fcr weltweite Religionsfreiheit wurde 2018 geschaffen. Seine Aufgabe ist unter anderem, regelm\u00e4\u00dfig einen Bericht \u00fcber die Lage der Religionsfreiheit abzugeben.<\/p>\n<\/div>\n","protected":false},"excerpt":{"rendered":"<p>Rachel war in der vergangenen Wahlperiode Sprecher der Unionsfraktion f\u00fcr Kirchen und Religionsgemeinschaften. Bei den Verhandlungen f\u00fcr die aktuelle schwarz-rote<\/p>\n","protected":false},"author":2,"featured_media":8217,"comment_status":"closed","ping_status":"closed","sticky":false,"template":"","format":"standard","meta":{"footnotes":""},"categories":[20],"tags":[],"_links":{"self":[{"href":"https:\/\/krankenhauspfarramt.de\/index.php\/wp-json\/wp\/v2\/posts\/8216"}],"collection":[{"href":"https:\/\/krankenhauspfarramt.de\/index.php\/wp-json\/wp\/v2\/posts"}],"about":[{"href":"https:\/\/krankenhauspfarramt.de\/index.php\/wp-json\/wp\/v2\/types\/post"}],"author":[{"embeddable":true,"href":"https:\/\/krankenhauspfarramt.de\/index.php\/wp-json\/wp\/v2\/users\/2"}],"replies":[{"embeddable":true,"href":"https:\/\/krankenhauspfarramt.de\/index.php\/wp-json\/wp\/v2\/comments?post=8216"}],"version-history":[{"count":1,"href":"https:\/\/krankenhauspfarramt.de\/index.php\/wp-json\/wp\/v2\/posts\/8216\/revisions"}],"predecessor-version":[{"id":8218,"href":"https:\/\/krankenhauspfarramt.de\/index.php\/wp-json\/wp\/v2\/posts\/8216\/revisions\/8218"}],"wp:featuredmedia":[{"embeddable":true,"href":"https:\/\/krankenhauspfarramt.de\/index.php\/wp-json\/wp\/v2\/media\/8217"}],"wp:attachment":[{"href":"https:\/\/krankenhauspfarramt.de\/index.php\/wp-json\/wp\/v2\/media?parent=8216"}],"wp:term":[{"taxonomy":"category","embeddable":true,"href":"https:\/\/krankenhauspfarramt.de\/index.php\/wp-json\/wp\/v2\/categories?post=8216"},{"taxonomy":"post_tag","embeddable":true,"href":"https:\/\/krankenhauspfarramt.de\/index.php\/wp-json\/wp\/v2\/tags?post=8216"}],"curies":[{"name":"wp","href":"https:\/\/api.w.org\/{rel}","templated":true}]}}