{"id":8219,"date":"2025-06-02T13:21:02","date_gmt":"2025-06-02T13:21:02","guid":{"rendered":"https:\/\/krankenhauspfarramt.de\/index.php\/2025\/06\/02\/fehrs-fordert-nachhaltiges-kollektives-handeln-ekd\/"},"modified":"2025-06-02T13:21:03","modified_gmt":"2025-06-02T13:21:03","slug":"fehrs-fordert-nachhaltiges-kollektives-handeln-ekd","status":"publish","type":"post","link":"https:\/\/krankenhauspfarramt.de\/index.php\/2025\/06\/02\/fehrs-fordert-nachhaltiges-kollektives-handeln-ekd\/","title":{"rendered":"Fehrs fordert nachhaltiges kollektives Handeln \u2013 EKD"},"content":{"rendered":"<p> <br \/>\n<\/p>\n<div>\n<p>Hamburg\/Hannover (epd). Die Ratsvorsitzende der Evangelischen Kirche in Deutschland (EKD), Kirsten Fehrs, fordert von den Menschen ein nachhaltiges kollektives Handeln. Die Bewahrung der Sch\u00f6pfung sei \u201eeine den ganzen Menschen, ja die ganze Menschheit fordernde Aufgabe\u201c, erkl\u00e4rte die Hamburger Bisch\u00f6fin laut Redemanuskript am Sonntag zum Auftakt der Hamburg Sustainability Week in der evangelischen Hamburger Hauptkirche St. Katharinen, wie die EKD in Hannover mitteilte. Die Universit\u00e4t Hamburg veranstaltet die Sustainability Week zu Nachhaltigkeits-Initiativen zum zweiten Mal. Sie l\u00e4uft bis Freitag.<\/p>\n<\/p><\/div>\n<div id=\"\">\n<p>In der Kirche St. Katharinen wurde zudem unter dem Motto \u201eHier dreht sich was!\u201c die Installation \u201eGaia\u201c des K\u00fcnstlers Luke Jerram vorgestellt. Sie ist eine Nachbildung der Erde mit einem Durchmesser von sieben Metern und basierend auf Fotoaufnahmen der Nasa, die sich mitten in der Kirche um sich selbst dreht.<\/p>\n<p>Die Installation setze ein wichtiges Signal, erkl\u00e4rte Fehrs: \u201eNicht die drohende Apokalypse steht am Anfang des Nachdenkens \u00fcber unsere Zukunft, nicht die Angst, Verzweiflung, nicht endzeitliche Narrative extremistischer Positionen, sondern dieser einmalig sch\u00f6ne Planet, Sch\u00f6pfung Gottes, mit der alles Leben begann.\u201c Der lange Atem, den die Menschen auf dem Weg in eine nachhaltige Wirtschafts- und Lebensweise br\u00e4uchten, k\u00f6nne sich aus dem Staunen \u00fcber die Wunder des Lebens sch\u00f6pfen.<\/p>\n<\/div>\n<div id=\"\">\n    <!-- Test for teaser --><br \/>\n    <!--Val: 1 --><\/p>\n<p>                    \t    <!-- SRC:  --><\/p>\n<aside class=\"article--aside quintus teaser teaser__related rs_skip rs_preserve\">\n<div class=\"teaser--article teaser--content\">\n<figure class=\"teaser--image\">\n                                                    <picture><source media=\"(max-width:935px)\" srcset=\"https:\/\/www.ekd.de\/ekd_de\/ds_img\/assets_1875_x\/eisschollen-unsplash-1875x1056_rdax_625x352_60s.jpg 1x, https:\/\/www.ekd.de\/ekd_de\/ds_img\/assets_1875_x\/eisschollen-unsplash-1875x1056_rdax_1250x704_60s.jpg 2x, https:\/\/www.ekd.de\/ekd_de\/ds_img\/assets_1875_x\/eisschollen-unsplash-1875x1056_rdax_60s.jpg 3x\"><source media=\"(min-width:934px)\" srcset=\"https:\/\/www.ekd.de\/ekd_de\/ds_img\/assets_1875_x\/eisschollen-unsplash-1875x1056_rdax_360x203_70s.jpg 1x, https:\/\/www.ekd.de\/ekd_de\/ds_img\/assets_1875_x\/eisschollen-unsplash-1875x1056_rdax_720x406_70s.jpg 2x, https:\/\/www.ekd.de\/ekd_de\/ds_img\/assets_1875_x\/eisschollen-unsplash-1875x1056_rdax_1080x608_70s.jpg 3x\"><\/source><\/source><\/picture><figcaption\/>\n                                                <\/figure>\n<p class=\"quintus--text teaser--text\">Ein \u201eWeiter so\u201c geht nicht. Die EKD setzt sich daf\u00fcr ein, dass die Menschheit Wege findet, innerhalb der \u00f6kologischen und sozialen Grenzen unseres Planeten zu leben und den Klimawandel aufzuhalten.<\/p>\n<\/p><\/div>\n<\/aside>\n<div class=\"article--content\">\n<p>Fehrs hoffe, dass \u201eGaia\u201c und die Hamburg Sustainability Week Menschen bewegen, inspirieren und ermutigen werden. Die Veranstaltung bietet nach Angaben der Universit\u00e4t Hamburg von Montag bis Freitag Vortr\u00e4ge, das Offene Plenum 6.0, Ausstellungen, Workshops und einen Science Slam und richtet sich auch an die interessierte Allgemeinheit. Die Installation \u201eGaia\u201c ist noch bis zum 17. Juli in St. Katharinen zu Gast.<\/p>\n<\/p><\/div>\n<\/div>\n","protected":false},"excerpt":{"rendered":"<p>Hamburg\/Hannover (epd). Die Ratsvorsitzende der Evangelischen Kirche in Deutschland (EKD), Kirsten Fehrs, fordert von den Menschen ein nachhaltiges kollektives Handeln.<\/p>\n","protected":false},"author":2,"featured_media":7845,"comment_status":"closed","ping_status":"closed","sticky":false,"template":"","format":"standard","meta":{"footnotes":""},"categories":[20],"tags":[],"_links":{"self":[{"href":"https:\/\/krankenhauspfarramt.de\/index.php\/wp-json\/wp\/v2\/posts\/8219"}],"collection":[{"href":"https:\/\/krankenhauspfarramt.de\/index.php\/wp-json\/wp\/v2\/posts"}],"about":[{"href":"https:\/\/krankenhauspfarramt.de\/index.php\/wp-json\/wp\/v2\/types\/post"}],"author":[{"embeddable":true,"href":"https:\/\/krankenhauspfarramt.de\/index.php\/wp-json\/wp\/v2\/users\/2"}],"replies":[{"embeddable":true,"href":"https:\/\/krankenhauspfarramt.de\/index.php\/wp-json\/wp\/v2\/comments?post=8219"}],"version-history":[{"count":1,"href":"https:\/\/krankenhauspfarramt.de\/index.php\/wp-json\/wp\/v2\/posts\/8219\/revisions"}],"predecessor-version":[{"id":8220,"href":"https:\/\/krankenhauspfarramt.de\/index.php\/wp-json\/wp\/v2\/posts\/8219\/revisions\/8220"}],"wp:featuredmedia":[{"embeddable":true,"href":"https:\/\/krankenhauspfarramt.de\/index.php\/wp-json\/wp\/v2\/media\/7845"}],"wp:attachment":[{"href":"https:\/\/krankenhauspfarramt.de\/index.php\/wp-json\/wp\/v2\/media?parent=8219"}],"wp:term":[{"taxonomy":"category","embeddable":true,"href":"https:\/\/krankenhauspfarramt.de\/index.php\/wp-json\/wp\/v2\/categories?post=8219"},{"taxonomy":"post_tag","embeddable":true,"href":"https:\/\/krankenhauspfarramt.de\/index.php\/wp-json\/wp\/v2\/tags?post=8219"}],"curies":[{"name":"wp","href":"https:\/\/api.w.org\/{rel}","templated":true}]}}