{"id":8221,"date":"2025-06-02T17:23:46","date_gmt":"2025-06-02T17:23:46","guid":{"rendered":"https:\/\/krankenhauspfarramt.de\/index.php\/2025\/06\/02\/kirchen-erinnern-an-getoetete-fluechtlinge-ekd\/"},"modified":"2025-06-02T17:23:47","modified_gmt":"2025-06-02T17:23:47","slug":"kirchen-erinnern-an-getoetete-fluechtlinge-ekd","status":"publish","type":"post","link":"https:\/\/krankenhauspfarramt.de\/index.php\/2025\/06\/02\/kirchen-erinnern-an-getoetete-fluechtlinge-ekd\/","title":{"rendered":"Kirchen erinnern an get\u00f6tete Fl\u00fcchtlinge \u2013 EKD"},"content":{"rendered":"<p> <br \/>\n<\/p>\n<div>\n<p>Berlin (epd). Mit der Aktion \u201eBeim Namen nennen\u201c erinnern der Berliner Dom und die Passionskirche in Kreuzberg an Fl\u00fcchtlinge, die auf dem Weg nach Europa ums Leben gekommen sind. Dabei werden ihre Namen, das Datum ihres Todes und die Umst\u00e4nde ihrer Flucht &#8211; soweit bekannt &#8211; auf schmale Stoffb\u00e4nder geschrieben und anschlie\u00dfend an den Au\u00dfengittern der Arkaden des Berliner Doms befestigt, wie die Berliner Domgemeinde am Montag mitteilte. Anlass der Aktion ist der Weltfl\u00fcchtlingstag am 20. Juni.<\/p>\n<\/p><\/div>\n<div id=\"\">\n<p>Eigens daf\u00fcr wurde in der Predigtkirche des Berliner Doms eine offene Schreibstation eingerichtet. Bis 16. Juni seien Gemeindemitglieder, Berlinerinnen und Berliner sowie Touristen eingeladen, sich zu beteiligen und Namen und Daten von gestorbenen Fl\u00fcchtlingen aufzuschreiben. \u201eJede Handschrift macht das unsichtbare Leid sichtbar\u201c, so die Gemeinde.<\/p>\n<p>Am Weltfl\u00fcchtlingstag selbst werden die Namen und Schicksale der Verstorbenen dann im Dom von 10 bis 17 Uhr verlesen. Den Abschluss bildet ein Gedenkgottesdienst mit der Referentin f\u00fcr Menschenrechte, Migration und Integration der Evangelischen Kirche in Deutschland (EKD), Sabine Dre\u00dfler.<\/p>\n<\/div>\n<div id=\"\">\n    <!-- Test for teaser --><br \/>\n    <!--Val: 1 --><\/p>\n<p>                    \t    <!-- SRC:  --><\/p>\n<aside class=\"article--aside quintus teaser teaser__related rs_skip rs_preserve\">\n<div class=\"teaser--article teaser--content\">\n<figure class=\"teaser--image\">\n                                                    <picture><source media=\"(max-width:935px)\" srcset=\"https:\/\/www.ekd.de\/ekd_de\/ds_img\/assets_1875_x\/210310_unspash_gaelle_marcel_pfeil_strasse_flucht_1875_rdax_625x352_60p.jpg 1x, https:\/\/www.ekd.de\/ekd_de\/ds_img\/assets_1875_x\/210310_unspash_gaelle_marcel_pfeil_strasse_flucht_1875_rdax_1250x704_60p.jpg 2x, https:\/\/www.ekd.de\/ekd_de\/ds_img\/assets_1875_x\/210310_unspash_gaelle_marcel_pfeil_strasse_flucht_1875_rdax_60p.jpg 3x\"><source media=\"(min-width:934px)\" srcset=\"https:\/\/www.ekd.de\/ekd_de\/ds_img\/assets_1875_x\/210310_unspash_gaelle_marcel_pfeil_strasse_flucht_1875_rdax_360x203_70p.jpg 1x, https:\/\/www.ekd.de\/ekd_de\/ds_img\/assets_1875_x\/210310_unspash_gaelle_marcel_pfeil_strasse_flucht_1875_rdax_720x406_70p.jpg 2x, https:\/\/www.ekd.de\/ekd_de\/ds_img\/assets_1875_x\/210310_unspash_gaelle_marcel_pfeil_strasse_flucht_1875_rdax_1080x608_70p.jpg 3x\"><\/source><\/source><\/picture><figcaption\/>\n                                                <\/figure>\n<p class=\"quintus--text teaser--text\">Weltweit sind Millionen Menschen auf der Flucht. Viele riskieren dabei ihr Leben, um Verfolgung zu entgehen und auf der Suche nach besseren Lebensbedingungen f\u00fcr sich und ihre Familien. Diese Menschen brauchen unsere Hilfe: in Seenot, in Fl\u00fcchtlingslagern, bei der Integration in unserer Nachbarschaft.<\/p>\n<\/p><\/div>\n<\/aside>\n<div class=\"article--content\">\n<p>Vom Morgen des 21. Juni bis zum Abend des 22. Juni wird die Lesung dann als 32-st\u00fcndige Nonstop-Aktion in der Passionskirche fortgesetzt. An der Aktion \u201eBeim Namen nennen\u201c beteiligen sich den Angaben zufolge zahlreiche St\u00e4dte in der Schweiz und in Deutschland als \u201e\u00f6ffentliches Zeichen des Erinnerns und der Solidarit\u00e4t\u201c. Seit 1993 seien mehr als 65.000 Menschen auf der Flucht nach Europa ums Leben gekommen. Zudem sei 2024 das bislang t\u00f6dlichste Jahr globaler Migrationsbewegungen gewesen.<\/p>\n<\/p><\/div>\n<\/div>\n","protected":false},"excerpt":{"rendered":"<p>Berlin (epd). Mit der Aktion \u201eBeim Namen nennen\u201c erinnern der Berliner Dom und die Passionskirche in Kreuzberg an Fl\u00fcchtlinge, die<\/p>\n","protected":false},"author":2,"featured_media":8222,"comment_status":"closed","ping_status":"closed","sticky":false,"template":"","format":"standard","meta":{"footnotes":""},"categories":[20],"tags":[],"_links":{"self":[{"href":"https:\/\/krankenhauspfarramt.de\/index.php\/wp-json\/wp\/v2\/posts\/8221"}],"collection":[{"href":"https:\/\/krankenhauspfarramt.de\/index.php\/wp-json\/wp\/v2\/posts"}],"about":[{"href":"https:\/\/krankenhauspfarramt.de\/index.php\/wp-json\/wp\/v2\/types\/post"}],"author":[{"embeddable":true,"href":"https:\/\/krankenhauspfarramt.de\/index.php\/wp-json\/wp\/v2\/users\/2"}],"replies":[{"embeddable":true,"href":"https:\/\/krankenhauspfarramt.de\/index.php\/wp-json\/wp\/v2\/comments?post=8221"}],"version-history":[{"count":1,"href":"https:\/\/krankenhauspfarramt.de\/index.php\/wp-json\/wp\/v2\/posts\/8221\/revisions"}],"predecessor-version":[{"id":8223,"href":"https:\/\/krankenhauspfarramt.de\/index.php\/wp-json\/wp\/v2\/posts\/8221\/revisions\/8223"}],"wp:featuredmedia":[{"embeddable":true,"href":"https:\/\/krankenhauspfarramt.de\/index.php\/wp-json\/wp\/v2\/media\/8222"}],"wp:attachment":[{"href":"https:\/\/krankenhauspfarramt.de\/index.php\/wp-json\/wp\/v2\/media?parent=8221"}],"wp:term":[{"taxonomy":"category","embeddable":true,"href":"https:\/\/krankenhauspfarramt.de\/index.php\/wp-json\/wp\/v2\/categories?post=8221"},{"taxonomy":"post_tag","embeddable":true,"href":"https:\/\/krankenhauspfarramt.de\/index.php\/wp-json\/wp\/v2\/tags?post=8221"}],"curies":[{"name":"wp","href":"https:\/\/api.w.org\/{rel}","templated":true}]}}