{"id":8227,"date":"2025-06-03T17:39:43","date_gmt":"2025-06-03T17:39:43","guid":{"rendered":"https:\/\/krankenhauspfarramt.de\/index.php\/2025\/06\/03\/professionalisierung-der-bilduebertragung-ekd\/"},"modified":"2025-06-03T17:39:46","modified_gmt":"2025-06-03T17:39:46","slug":"professionalisierung-der-bilduebertragung-ekd","status":"publish","type":"post","link":"https:\/\/krankenhauspfarramt.de\/index.php\/2025\/06\/03\/professionalisierung-der-bilduebertragung-ekd\/","title":{"rendered":"Professionalisierung der Bild\u00fcbertragung \u2013 EKD"},"content":{"rendered":"<p> <br \/>\n<\/p>\n<div>\n<p style=\"margin-bottom:11px\"><span style=\"line-height:107%\">Die Evangelische Kirchengemeinde Linkenheim investiert in eine bessere Bild\u00fcbertragung \u2013 nicht, um einfach neue Technik einzuf\u00fchren, sondern um Gottesdienste verst\u00e4ndlicher, stressfreier und zug\u00e4nglicher zu gestalten. Seit der Pandemie werden die Gottesdienste live gestreamt, inzwischen auch in einen benachbarten Eltern-Kind-Raum \u00fcbertragen. Doch die Technik ist an ihre Grenzen gesto\u00dfen: wiederholte Bildaussetzer, unflexible Darstellung von Liedtexten und komplizierte Abstimmungen erschweren die Arbeit des ehrenamtlichen Technikteams.<\/span><\/p>\n<\/p><\/div>\n<div id=\"\">\n<p>Mit einem neuen, zentralen Bildmischer sollen diese H\u00fcrden \u00fcberwunden werden. Er erlaubt eine stabile \u00dcbertragung, gezielte Kamerawechsel in der Kirche und bessere M\u00f6glichkeiten zur Darstellung von Liedtexten \u2013 auch mit \u00dcbersetzungen, die bisher kaum nutzbar waren. Die neue Technik wird so zur Grundlage f\u00fcr klarere Kommunikation, einen entspannteren Ablauf und eine zeitgem\u00e4\u00dfe Pr\u00e4sentation der Inhalte.<\/p>\n<p>Zugleich st\u00e4rkt das Projekt das Engagement der Ehrenamtlichen. Die Technik soll nicht abschrecken, sondern Freude machen \u2013 f\u00fcr Junge wie \u00c4ltere. Die Gemeinde will damit nicht nur bestehende Herausforderungen l\u00f6sen, sondern auch neue digitale Elemente im kirchlichen Alltag etablieren.<\/p>\n<p>Gef\u00f6rdert wird das Projekt mit 2.000 Euro aus dem Digitalinnovationsfonds.<\/p>\n<\/div>\n","protected":false},"excerpt":{"rendered":"<p>Die Evangelische Kirchengemeinde Linkenheim investiert in eine bessere Bild\u00fcbertragung \u2013 nicht, um einfach neue Technik einzuf\u00fchren, sondern um Gottesdienste verst\u00e4ndlicher,<\/p>\n","protected":false},"author":2,"featured_media":8228,"comment_status":"closed","ping_status":"closed","sticky":false,"template":"","format":"standard","meta":{"footnotes":""},"categories":[20],"tags":[],"_links":{"self":[{"href":"https:\/\/krankenhauspfarramt.de\/index.php\/wp-json\/wp\/v2\/posts\/8227"}],"collection":[{"href":"https:\/\/krankenhauspfarramt.de\/index.php\/wp-json\/wp\/v2\/posts"}],"about":[{"href":"https:\/\/krankenhauspfarramt.de\/index.php\/wp-json\/wp\/v2\/types\/post"}],"author":[{"embeddable":true,"href":"https:\/\/krankenhauspfarramt.de\/index.php\/wp-json\/wp\/v2\/users\/2"}],"replies":[{"embeddable":true,"href":"https:\/\/krankenhauspfarramt.de\/index.php\/wp-json\/wp\/v2\/comments?post=8227"}],"version-history":[{"count":1,"href":"https:\/\/krankenhauspfarramt.de\/index.php\/wp-json\/wp\/v2\/posts\/8227\/revisions"}],"predecessor-version":[{"id":8229,"href":"https:\/\/krankenhauspfarramt.de\/index.php\/wp-json\/wp\/v2\/posts\/8227\/revisions\/8229"}],"wp:featuredmedia":[{"embeddable":true,"href":"https:\/\/krankenhauspfarramt.de\/index.php\/wp-json\/wp\/v2\/media\/8228"}],"wp:attachment":[{"href":"https:\/\/krankenhauspfarramt.de\/index.php\/wp-json\/wp\/v2\/media?parent=8227"}],"wp:term":[{"taxonomy":"category","embeddable":true,"href":"https:\/\/krankenhauspfarramt.de\/index.php\/wp-json\/wp\/v2\/categories?post=8227"},{"taxonomy":"post_tag","embeddable":true,"href":"https:\/\/krankenhauspfarramt.de\/index.php\/wp-json\/wp\/v2\/tags?post=8227"}],"curies":[{"name":"wp","href":"https:\/\/api.w.org\/{rel}","templated":true}]}}