{"id":8233,"date":"2025-06-04T01:46:13","date_gmt":"2025-06-04T01:46:13","guid":{"rendered":"https:\/\/krankenhauspfarramt.de\/index.php\/2025\/06\/04\/gaming-area-auf-dem-jugendkirchentag-ekd\/"},"modified":"2025-06-04T01:46:18","modified_gmt":"2025-06-04T01:46:18","slug":"gaming-area-auf-dem-jugendkirchentag-ekd","status":"publish","type":"post","link":"https:\/\/krankenhauspfarramt.de\/index.php\/2025\/06\/04\/gaming-area-auf-dem-jugendkirchentag-ekd\/","title":{"rendered":"Gaming-Area auf dem Jugendkirchentag \u2013 EKD"},"content":{"rendered":"<p> <br \/>\n<\/p>\n<div id=\"\">\n<p>Mit einer eigenen Gaming-Area auf dem Jugendkirchentag in Biedenkopf schafft die Allianz-Mission e.\u202fV. einen Raum, in dem Jugendliche zwischen 14 und 25 Jahren spielerisch miteinander in Kontakt kommen und den christlichen Glauben neu entdecken k\u00f6nnen. In Kooperation mit der Initiative MainQuest und weiteren Netzwerkpartnern werden klassische Gesellschaftsspiele ebenso angeboten wie Videospiele, Simulationsrennen und ein eigens entwickeltes Kartenspiel, das zu Aktionen der N\u00e4chstenliebe motiviert und mit digitalen Impulsen verkn\u00fcpft ist.<\/p>\n<p>Neben Begegnung und Gemeinschaft steht die Erfahrung im Mittelpunkt, dass Glaube alltagsnah, relevant und interaktiv sein kann \u2013 auch im digitalen Raum. Die Jugendlichen k\u00f6nnen ihre Eindr\u00fccke \u00fcber eine App teilen, sich vernetzen und so Teil einer wachsenden digitalen Glaubenscommunity werden.<\/p>\n<p>Die Gaming-Area soll ein Ort zum Ausprobieren, Erleben und Weiterdenken sein \u2013 mit Perspektive \u00fcber den Jugendkirchentag hinaus. Gef\u00f6rdert wird das Projekt mit 2.000\u202fEuro aus dem Digitalinnovationsfonds<\/p>\n<\/div>\n","protected":false},"excerpt":{"rendered":"<p>Mit einer eigenen Gaming-Area auf dem Jugendkirchentag in Biedenkopf schafft die Allianz-Mission e.\u202fV. einen Raum, in dem Jugendliche zwischen 14<\/p>\n","protected":false},"author":2,"featured_media":8234,"comment_status":"closed","ping_status":"closed","sticky":false,"template":"","format":"standard","meta":{"footnotes":""},"categories":[20],"tags":[],"_links":{"self":[{"href":"https:\/\/krankenhauspfarramt.de\/index.php\/wp-json\/wp\/v2\/posts\/8233"}],"collection":[{"href":"https:\/\/krankenhauspfarramt.de\/index.php\/wp-json\/wp\/v2\/posts"}],"about":[{"href":"https:\/\/krankenhauspfarramt.de\/index.php\/wp-json\/wp\/v2\/types\/post"}],"author":[{"embeddable":true,"href":"https:\/\/krankenhauspfarramt.de\/index.php\/wp-json\/wp\/v2\/users\/2"}],"replies":[{"embeddable":true,"href":"https:\/\/krankenhauspfarramt.de\/index.php\/wp-json\/wp\/v2\/comments?post=8233"}],"version-history":[{"count":1,"href":"https:\/\/krankenhauspfarramt.de\/index.php\/wp-json\/wp\/v2\/posts\/8233\/revisions"}],"predecessor-version":[{"id":8235,"href":"https:\/\/krankenhauspfarramt.de\/index.php\/wp-json\/wp\/v2\/posts\/8233\/revisions\/8235"}],"wp:featuredmedia":[{"embeddable":true,"href":"https:\/\/krankenhauspfarramt.de\/index.php\/wp-json\/wp\/v2\/media\/8234"}],"wp:attachment":[{"href":"https:\/\/krankenhauspfarramt.de\/index.php\/wp-json\/wp\/v2\/media?parent=8233"}],"wp:term":[{"taxonomy":"category","embeddable":true,"href":"https:\/\/krankenhauspfarramt.de\/index.php\/wp-json\/wp\/v2\/categories?post=8233"},{"taxonomy":"post_tag","embeddable":true,"href":"https:\/\/krankenhauspfarramt.de\/index.php\/wp-json\/wp\/v2\/tags?post=8233"}],"curies":[{"name":"wp","href":"https:\/\/api.w.org\/{rel}","templated":true}]}}