{"id":8236,"date":"2025-06-04T13:02:15","date_gmt":"2025-06-04T13:02:15","guid":{"rendered":"https:\/\/krankenhauspfarramt.de\/index.php\/2025\/06\/04\/wir-brauchen-gerade-nichts-mehr-als-ein-neues-pfingstwunder-ekd\/"},"modified":"2025-06-04T13:02:16","modified_gmt":"2025-06-04T13:02:16","slug":"wir-brauchen-gerade-nichts-mehr-als-ein-neues-pfingstwunder-ekd","status":"publish","type":"post","link":"https:\/\/krankenhauspfarramt.de\/index.php\/2025\/06\/04\/wir-brauchen-gerade-nichts-mehr-als-ein-neues-pfingstwunder-ekd\/","title":{"rendered":"\u201eWir brauchen gerade nichts mehr als ein neues Pfingstwunder\u201c \u2013 EKD"},"content":{"rendered":"<p> <br \/>\n<\/p>\n<div id=\"\">\n<div class=\"article--meta article--meta__border clearfix\">\n<p>                                    <time datetime=\"04.06.2025 14:00\" class=\"article--time\">04.06.2025<\/time><\/p>\n<p>                                     <strong class=\"article--type primus--overline\">Pressemitteilung<\/strong><\/p>\n<picture class=\"article--source-image image\"><source srcset=\"https:\/\/www.ekd.de\/ekd_de\/ds_img\/assets\/velkd.jpg\"><!--<source srcset=\"\/ekd_de\/ds_img\/assets\/velkd_rdax_141x141s.jpg 1x, \/ekd_de\/ds_img\/assets\/velkd_rdax_282x282s.jpg 2x, https:\/\/www.ekd.de\/ekd_de\/ds_img\/assets\/velkd.jpg 3x\">--><\/p>\n<p>    <\/source><\/picture>\n<\/p><\/div><\/div>\n<div id=\"\">\n<p>In seiner Pfingstbotschaft betont der Leitende Bischof der VELKD, Landesbischof Ralf Meister, angesichts schleppender Friedensverhandlungen jene vermittelnde Kraft, die m\u00e4chtiger ist als alle trennenden Barrieren.<\/p>\n<p>Die Botschaft im Wortlaut:<\/p>\n<p>\u201eDas Pfingstwunder, von dem die Apostelgeschichte berichtet, scheint heute keins mehr zu sein. Dass Menschen unterschiedlicher Sprachen sich sofort verstehen k\u00f6nnen, ist dank verbreiteter \u00dcbersetzungsapps nichts Besonderes. Und doch brauchen wir gerade nichts mehr als ein neues Pfingstwunder: eines, das nicht nur zum blo\u00dfen Verstehen, sondern zu echter Verst\u00e4ndigung f\u00fchrt. Wir brauchen es in den Gespr\u00e4chen zur Beendigung des Krieges in der Ukraine. Wir brauchen es in den Verhandlungen \u00fcber die R\u00fcckf\u00fchrung der israelischen Geiseln, die Rettung der Bev\u00f6lkerung in Gaza und einen dauerhaften Frieden im Nahen Osten. Wir brauchen es in den transatlantischen Gespr\u00e4chen \u00fcber den Erhalt der westlichen Wirtschafts- und Wertegemeinschaft.<\/p>\n<p>Das erste Pfingsten erinnert uns daran, dass es eine vermittelnde Kraft gibt, die m\u00e4chtiger ist als die Barrieren, die Menschen trennen. Sie zeigte sich damals in einem Moment, als die Welt von Gott verlassen schien. \u00c4hnlich k\u00f6nnte es uns heute vorkommen. Wir halten mutig den Pfingstgeist dagegen, der uns hoffen l\u00e4sst auf Verst\u00e4ndigung und Frieden.\u201c<\/p>\n<p>Hannover, 4. Juni 2025<\/p>\n<p>Pressestelle der VELKD<br \/>Frank Hofmann<br \/>Pressesprecher<\/p>\n<\/div>\n","protected":false},"excerpt":{"rendered":"<p>04.06.2025 Pressemitteilung In seiner Pfingstbotschaft betont der Leitende Bischof der VELKD, Landesbischof Ralf Meister, angesichts schleppender Friedensverhandlungen jene vermittelnde Kraft,<\/p>\n","protected":false},"author":2,"featured_media":8237,"comment_status":"closed","ping_status":"closed","sticky":false,"template":"","format":"standard","meta":{"footnotes":""},"categories":[20],"tags":[],"_links":{"self":[{"href":"https:\/\/krankenhauspfarramt.de\/index.php\/wp-json\/wp\/v2\/posts\/8236"}],"collection":[{"href":"https:\/\/krankenhauspfarramt.de\/index.php\/wp-json\/wp\/v2\/posts"}],"about":[{"href":"https:\/\/krankenhauspfarramt.de\/index.php\/wp-json\/wp\/v2\/types\/post"}],"author":[{"embeddable":true,"href":"https:\/\/krankenhauspfarramt.de\/index.php\/wp-json\/wp\/v2\/users\/2"}],"replies":[{"embeddable":true,"href":"https:\/\/krankenhauspfarramt.de\/index.php\/wp-json\/wp\/v2\/comments?post=8236"}],"version-history":[{"count":1,"href":"https:\/\/krankenhauspfarramt.de\/index.php\/wp-json\/wp\/v2\/posts\/8236\/revisions"}],"predecessor-version":[{"id":8238,"href":"https:\/\/krankenhauspfarramt.de\/index.php\/wp-json\/wp\/v2\/posts\/8236\/revisions\/8238"}],"wp:featuredmedia":[{"embeddable":true,"href":"https:\/\/krankenhauspfarramt.de\/index.php\/wp-json\/wp\/v2\/media\/8237"}],"wp:attachment":[{"href":"https:\/\/krankenhauspfarramt.de\/index.php\/wp-json\/wp\/v2\/media?parent=8236"}],"wp:term":[{"taxonomy":"category","embeddable":true,"href":"https:\/\/krankenhauspfarramt.de\/index.php\/wp-json\/wp\/v2\/categories?post=8236"},{"taxonomy":"post_tag","embeddable":true,"href":"https:\/\/krankenhauspfarramt.de\/index.php\/wp-json\/wp\/v2\/tags?post=8236"}],"curies":[{"name":"wp","href":"https:\/\/api.w.org\/{rel}","templated":true}]}}