{"id":8241,"date":"2025-06-10T11:41:44","date_gmt":"2025-06-10T11:41:44","guid":{"rendered":"https:\/\/krankenhauspfarramt.de\/index.php\/2025\/06\/10\/demokratie-und-menschenwuerde-schuetzen-ekd\/"},"modified":"2025-06-10T11:41:45","modified_gmt":"2025-06-10T11:41:45","slug":"demokratie-und-menschenwuerde-schuetzen-ekd","status":"publish","type":"post","link":"https:\/\/krankenhauspfarramt.de\/index.php\/2025\/06\/10\/demokratie-und-menschenwuerde-schuetzen-ekd\/","title":{"rendered":"Demokratie und Menschenw\u00fcrde sch\u00fctzen \u2013 EKD"},"content":{"rendered":"<p> <br \/>\n<\/p>\n<div>\n<p>Frankfurt a.M. (epd). Die Ratsvorsitzende der Evangelischen Kirche in Deutschland (EKD), Kirsten Fehrs, hat am Pfingstsonntag zur Verteidigung von Demokratie und Menschenw\u00fcrde aufgerufen. Auch d\u00fcrfe das Grundrecht auf Asyl niemals zur Disposition stehen, sagte sie in ihrer Predigt in der Hamburger Hauptkirche St. Michaelis. Der Vorsitzende der katholischen Deutschen Bischofskonferenz, Georg B\u00e4tzing, rief in seiner Pfingstpredigt in Limburg zum sozialen Miteinander auf.<\/p>\n<p>Der Geist des Friedens und der Verst\u00e4ndigung sei derzeit in h\u00f6chster Gefahr, sagte die Hamburger Bisch\u00f6fin Fehrs. Viele Menschen machten sich derzeit angesichts von Kriegen und \u201efurchtbaren Menschenrechtsverletzungen\u201c Sorgen um die Zukunft. Umso wichtiger sei es, als Christenmenschen \u201einterkulturelle Pfingstoffenheit\u201c zu behalten. Das Grundrecht auf Asyl d\u00fcrfe niemals zur Disposition stehen, \u201egerade in unserem Land nicht. Ein Grundrecht der Menschlichkeit, schon aus biblischer Tradition nicht verhandelbar\u201c, betonte Fehrs.<\/p>\n<p>Christen m\u00fcssten einstehen \u201ef\u00fcr eine Gesellschaft, die die W\u00fcrde des Menschen verteidigt, unabh\u00e4ngig von Herkunft oder Aussehen oder F\u00e4higkeiten. F\u00fcr unser Land, in das fast jeder dritte Mensch eine Migrationsgeschichte einbringt und das dadurch vor allem stark geworden ist. F\u00fcr unsere Demokratie, die wir noch immer als die beste Staatsform verstehen, und f\u00fcr die wir uns gerade jetzt mit aller Kraft, die uns zur Verf\u00fcgung steht, einsetzen m\u00fcssen\u201c, sagte Fehrs.<\/p>\n<p>Die Theologin rief dazu auf, sich nicht mit dem Schrecken \u00fcber so viel Unfrieden abzufinden. \u201eZukunft braucht Aufbruch. Unseren Lebensmut. Vertrauen, dass jeder Mensch die Welt ver\u00e4ndern kann. Das ist f\u00fcr mich in diesem Jahr die besondere Kraft der Pfingsten.\u201c Pfingsten gilt als \u201eGeburtstag der Kirche\u201c. Es erinnert an die Aussch\u00fcttung des Heiligen Geistes und ist nach Weihnachten und Ostern das dritte Hauptfest im christlichen Kirchenjahr.<\/p>\n<p>Der Vorsitzende der Deutschen Bischofskonferenz, B\u00e4tzing, rief zum sozialen Miteinander auf: \u201eDenn wir Menschen sind nicht daf\u00fcr gemacht, um uns selbst zu kreisen und unser Dasein zu sichern. Sich entfalten, wachsen, kommunizieren und Gemeinschaft erfahren, das macht doch das Leben erst wirklich lebenswert\u201c, sagte der Limburger Bischof am Sonntag im Limburger Dom. B\u00e4tzing machte die Kostbarkeit des Atmens zum Thema seiner Pfingstpredigt. Auch die Gottesbeziehung lebe davon, \u201edass wir mit unserem Atem zu Gott sprechen, ihn singend preisen oder still dem Atem des Betens in uns lauschen.\u201c<\/p>\n<\/p><\/div>\n<div id=\"\">\n    <!-- Test for teaser --><br \/>\n    <!--Val: 1 --><\/p>\n<p>                    \t    <!-- SRC:  --><\/p>\n<aside class=\"article--aside quintus teaser teaser__related rs_skip rs_preserve\">\n<div class=\"teaser--article teaser--content\">\n<figure class=\"teaser--image\">\n                                                    <picture><source media=\"(max-width:935px)\" srcset=\"https:\/\/www.ekd.de\/ekd_de\/ds_img\/assets_2835_x\/kirsten_fehrs_pfingsten_rdax_945x532p.jpg 1x, https:\/\/www.ekd.de\/ekd_de\/ds_img\/assets_2835_x\/kirsten_fehrs_pfingsten_rdax_1890x1064p.jpg 2x, https:\/\/www.ekd.de\/ekd_de\/ds_img\/assets_2835_x\/kirsten_fehrs_pfingsten.jpg 3x\"><source media=\"(min-width:934px)\" srcset=\"https:\/\/www.ekd.de\/ekd_de\/ds_img\/assets_2835_x\/kirsten_fehrs_pfingsten_rdax_945x532p.jpg 1x, https:\/\/www.ekd.de\/ekd_de\/ds_img\/assets_2835_x\/kirsten_fehrs_pfingsten_rdax_1890x1064p.jpg 2x, https:\/\/www.ekd.de\/ekd_de\/ds_img\/assets_2835_x\/kirsten_fehrs_pfingsten.jpg 3x\"><\/source><\/source><\/picture><figcaption\/>\n                                                <\/figure>\n<p class=\"quintus--text teaser--text\">In ihrer Botschaft zum diesj\u00e4hrigen Pfingstfest erinnert Bisch\u00f6fin Kirsten Fehrs, Ratsvorsitzende der Evangelischen Kirche in Deutschland (EKD), an die befl\u00fcgelnde Verhei\u00dfung, dass es m\u00f6glich ist, vielstimmig und friedlich, respektvoll und gewaltfrei miteinander umzugehen.<\/p>\n<\/p><\/div>\n<\/aside>\n<div class=\"article--content\">\n<p>Der M\u00fcnchner Erzbischof, Kardinal Reinhard Marx, \u00e4u\u00dferte in seiner Predigt die \u201eSorge vor einem Zivilisationsr\u00fcckschritt\u201c, wenn der Freiheitsbegriff falsch verstanden werde. \u201eDas Menschsein beginnt mit dem Geist der Kooperation und nicht mit Gewalt und der Unterwerfung anderer\u201c, sagte er am Sonntag im M\u00fcnchner Liebfrauendom. Er warnte vor einer \u201ePerversion der Freiheit\u201c: \u201eFreiheit vollendet sich in der Liebe! Nicht in Macht, der Herrschaft \u00fcber andere oder Ausbeutung\u201c, so Marx.<\/p>\n<p>Die Kirchenpr\u00e4sidentin der Evangelischen Kirche in Hessen und Nassau (EKHN), Christiane Tietz, wies in ihrer Pfingstbotschaft auf die verst\u00e4ndigende Kraft von Gottes Geist hin. Das gegenseitige Verstehen sei eine Herausforderung und m\u00fcsse immer wieder neu gesucht werden, hei\u00dft es in der in Darmstadt verbreiteten Botschaft.<\/p>\n<\/p><\/div>\n<\/div>\n","protected":false},"excerpt":{"rendered":"<p>Frankfurt a.M. (epd). Die Ratsvorsitzende der Evangelischen Kirche in Deutschland (EKD), Kirsten Fehrs, hat am Pfingstsonntag zur Verteidigung von Demokratie<\/p>\n","protected":false},"author":2,"featured_media":7510,"comment_status":"closed","ping_status":"closed","sticky":false,"template":"","format":"standard","meta":{"footnotes":""},"categories":[20],"tags":[],"_links":{"self":[{"href":"https:\/\/krankenhauspfarramt.de\/index.php\/wp-json\/wp\/v2\/posts\/8241"}],"collection":[{"href":"https:\/\/krankenhauspfarramt.de\/index.php\/wp-json\/wp\/v2\/posts"}],"about":[{"href":"https:\/\/krankenhauspfarramt.de\/index.php\/wp-json\/wp\/v2\/types\/post"}],"author":[{"embeddable":true,"href":"https:\/\/krankenhauspfarramt.de\/index.php\/wp-json\/wp\/v2\/users\/2"}],"replies":[{"embeddable":true,"href":"https:\/\/krankenhauspfarramt.de\/index.php\/wp-json\/wp\/v2\/comments?post=8241"}],"version-history":[{"count":1,"href":"https:\/\/krankenhauspfarramt.de\/index.php\/wp-json\/wp\/v2\/posts\/8241\/revisions"}],"predecessor-version":[{"id":8242,"href":"https:\/\/krankenhauspfarramt.de\/index.php\/wp-json\/wp\/v2\/posts\/8241\/revisions\/8242"}],"wp:featuredmedia":[{"embeddable":true,"href":"https:\/\/krankenhauspfarramt.de\/index.php\/wp-json\/wp\/v2\/media\/7510"}],"wp:attachment":[{"href":"https:\/\/krankenhauspfarramt.de\/index.php\/wp-json\/wp\/v2\/media?parent=8241"}],"wp:term":[{"taxonomy":"category","embeddable":true,"href":"https:\/\/krankenhauspfarramt.de\/index.php\/wp-json\/wp\/v2\/categories?post=8241"},{"taxonomy":"post_tag","embeddable":true,"href":"https:\/\/krankenhauspfarramt.de\/index.php\/wp-json\/wp\/v2\/tags?post=8241"}],"curies":[{"name":"wp","href":"https:\/\/api.w.org\/{rel}","templated":true}]}}