{"id":8243,"date":"2025-06-10T15:43:10","date_gmt":"2025-06-10T15:43:10","guid":{"rendered":"https:\/\/krankenhauspfarramt.de\/index.php\/2025\/06\/10\/oekumenisches-zeichen-der-versoehnung-zum-pfingstfest-ekd\/"},"modified":"2025-06-10T15:43:11","modified_gmt":"2025-06-10T15:43:11","slug":"oekumenisches-zeichen-der-versoehnung-zum-pfingstfest-ekd","status":"publish","type":"post","link":"https:\/\/krankenhauspfarramt.de\/index.php\/2025\/06\/10\/oekumenisches-zeichen-der-versoehnung-zum-pfingstfest-ekd\/","title":{"rendered":"\u00d6kumenisches Zeichen der Vers\u00f6hnung zum Pfingstfest \u2013 EKD"},"content":{"rendered":"<p> <br \/>\n<\/p>\n<div>\n<p>Das Statement gilt als Zeichen der Vers\u00f6hnung f\u00fcr den 1.700. Jahrestag von Niz\u00e4a. Das Konzil markiert einen wichtigen Meilenstein in der fr\u00fchen Kirchengeschichte und gilt bis heute als wichtiger Bezugspunkt im \u00f6kumenischen Dialog. Das Konzil von Niz\u00e4a im Jahr 325 hatte das Ziel, die Kircheneinheit zu wahren.<\/p>\n<p>Zur Orthodoxie geh\u00f6ren jene christlichen Kirchen, die in der \u00f6stlichen H\u00e4lfte des R\u00f6mischen Reiches entstanden sind. Aufgrund des Entstehungsgebietes werden sie auch \u201eOstkirchen\u201c genannt. Nach jahrhundertelangem Streit um theologische, politische und kulturelle Fragen war die Spaltung zwischen einem \u00f6stlichen und einem westlichen Zweig des Christentums im 14.\/15. Jahrhundert endg\u00fcltig besiegelt.<\/p>\n<\/p><\/div>\n","protected":false},"excerpt":{"rendered":"<p>Das Statement gilt als Zeichen der Vers\u00f6hnung f\u00fcr den 1.700. Jahrestag von Niz\u00e4a. Das Konzil markiert einen wichtigen Meilenstein in<\/p>\n","protected":false},"author":2,"featured_media":8244,"comment_status":"closed","ping_status":"closed","sticky":false,"template":"","format":"standard","meta":{"footnotes":""},"categories":[20],"tags":[],"_links":{"self":[{"href":"https:\/\/krankenhauspfarramt.de\/index.php\/wp-json\/wp\/v2\/posts\/8243"}],"collection":[{"href":"https:\/\/krankenhauspfarramt.de\/index.php\/wp-json\/wp\/v2\/posts"}],"about":[{"href":"https:\/\/krankenhauspfarramt.de\/index.php\/wp-json\/wp\/v2\/types\/post"}],"author":[{"embeddable":true,"href":"https:\/\/krankenhauspfarramt.de\/index.php\/wp-json\/wp\/v2\/users\/2"}],"replies":[{"embeddable":true,"href":"https:\/\/krankenhauspfarramt.de\/index.php\/wp-json\/wp\/v2\/comments?post=8243"}],"version-history":[{"count":1,"href":"https:\/\/krankenhauspfarramt.de\/index.php\/wp-json\/wp\/v2\/posts\/8243\/revisions"}],"predecessor-version":[{"id":8245,"href":"https:\/\/krankenhauspfarramt.de\/index.php\/wp-json\/wp\/v2\/posts\/8243\/revisions\/8245"}],"wp:featuredmedia":[{"embeddable":true,"href":"https:\/\/krankenhauspfarramt.de\/index.php\/wp-json\/wp\/v2\/media\/8244"}],"wp:attachment":[{"href":"https:\/\/krankenhauspfarramt.de\/index.php\/wp-json\/wp\/v2\/media?parent=8243"}],"wp:term":[{"taxonomy":"category","embeddable":true,"href":"https:\/\/krankenhauspfarramt.de\/index.php\/wp-json\/wp\/v2\/categories?post=8243"},{"taxonomy":"post_tag","embeddable":true,"href":"https:\/\/krankenhauspfarramt.de\/index.php\/wp-json\/wp\/v2\/tags?post=8243"}],"curies":[{"name":"wp","href":"https:\/\/api.w.org\/{rel}","templated":true}]}}