{"id":8246,"date":"2025-06-10T19:45:40","date_gmt":"2025-06-10T19:45:40","guid":{"rendered":"https:\/\/krankenhauspfarramt.de\/index.php\/2025\/06\/10\/bischof-staeblein-fordert-europaeische-loesung-ekd\/"},"modified":"2025-06-10T19:45:41","modified_gmt":"2025-06-10T19:45:41","slug":"bischof-staeblein-fordert-europaeische-loesung-ekd","status":"publish","type":"post","link":"https:\/\/krankenhauspfarramt.de\/index.php\/2025\/06\/10\/bischof-staeblein-fordert-europaeische-loesung-ekd\/","title":{"rendered":"Bischof St\u00e4blein fordert europ\u00e4ische L\u00f6sung \u2013 EKD"},"content":{"rendered":"<p> <br \/>\n<\/p>\n<div>\n<p>Zudem gelte es stets, den Einzelnen zu sehen. \u201eJeder Mensch hat seine W\u00fcrde vor Gott. Das verbindet Europa, oder zumindest hat es das immer verbunden. Ich finde, wir sollten alles daf\u00fcr tun, dass das so bleibt. Die Urteile der Gerichte verstehe ich in dieser Linie\u201c, sagte der Bischof der Evangelischen Kirche Berlin-Brandenburg-schlesische Oberlausitz (EKBO).<\/p>\n<p>Zu den Kontrollen an der Grenze zu Polen sagte der EKD-Fl\u00fcchtlingsbeauftragte: \u201eDie polnischen Freunde haben relativ zeitig signalisiert, dass sie das deutsche Vorgehen nachhaltig irritiert. Man kann ja nicht einfach den Dauernotstand ausrufen, das wird nicht funktionieren und ist keine L\u00f6sung.\u201c<\/p>\n<\/p><\/div>\n","protected":false},"excerpt":{"rendered":"<p>Zudem gelte es stets, den Einzelnen zu sehen. \u201eJeder Mensch hat seine W\u00fcrde vor Gott. Das verbindet Europa, oder zumindest<\/p>\n","protected":false},"author":2,"featured_media":7922,"comment_status":"closed","ping_status":"closed","sticky":false,"template":"","format":"standard","meta":{"footnotes":""},"categories":[20],"tags":[],"_links":{"self":[{"href":"https:\/\/krankenhauspfarramt.de\/index.php\/wp-json\/wp\/v2\/posts\/8246"}],"collection":[{"href":"https:\/\/krankenhauspfarramt.de\/index.php\/wp-json\/wp\/v2\/posts"}],"about":[{"href":"https:\/\/krankenhauspfarramt.de\/index.php\/wp-json\/wp\/v2\/types\/post"}],"author":[{"embeddable":true,"href":"https:\/\/krankenhauspfarramt.de\/index.php\/wp-json\/wp\/v2\/users\/2"}],"replies":[{"embeddable":true,"href":"https:\/\/krankenhauspfarramt.de\/index.php\/wp-json\/wp\/v2\/comments?post=8246"}],"version-history":[{"count":1,"href":"https:\/\/krankenhauspfarramt.de\/index.php\/wp-json\/wp\/v2\/posts\/8246\/revisions"}],"predecessor-version":[{"id":8247,"href":"https:\/\/krankenhauspfarramt.de\/index.php\/wp-json\/wp\/v2\/posts\/8246\/revisions\/8247"}],"wp:featuredmedia":[{"embeddable":true,"href":"https:\/\/krankenhauspfarramt.de\/index.php\/wp-json\/wp\/v2\/media\/7922"}],"wp:attachment":[{"href":"https:\/\/krankenhauspfarramt.de\/index.php\/wp-json\/wp\/v2\/media?parent=8246"}],"wp:term":[{"taxonomy":"category","embeddable":true,"href":"https:\/\/krankenhauspfarramt.de\/index.php\/wp-json\/wp\/v2\/categories?post=8246"},{"taxonomy":"post_tag","embeddable":true,"href":"https:\/\/krankenhauspfarramt.de\/index.php\/wp-json\/wp\/v2\/tags?post=8246"}],"curies":[{"name":"wp","href":"https:\/\/api.w.org\/{rel}","templated":true}]}}