{"id":8248,"date":"2025-06-10T23:46:51","date_gmt":"2025-06-10T23:46:51","guid":{"rendered":"https:\/\/krankenhauspfarramt.de\/index.php\/2025\/06\/10\/gier-und-egoismus-zerstoeren-gottes-schoepfung-ekd\/"},"modified":"2025-06-10T23:46:52","modified_gmt":"2025-06-10T23:46:52","slug":"gier-und-egoismus-zerstoeren-gottes-schoepfung-ekd","status":"publish","type":"post","link":"https:\/\/krankenhauspfarramt.de\/index.php\/2025\/06\/10\/gier-und-egoismus-zerstoeren-gottes-schoepfung-ekd\/","title":{"rendered":"Gier und Egoismus zerst\u00f6ren Gottes Sch\u00f6pfung \u2013 EKD"},"content":{"rendered":"<p> <br \/>\n<\/p>\n<div>\n<p>Urame verwies auf sein Heimatland im Pazifik, wo das Leben \u201evom Prinzip der Beziehung geleitet\u201c sei. \u201eBeziehung definiert unsere Identit\u00e4t, unsere St\u00e4rke und unsere Spiritualit\u00e4t\u201c, sagte der leitende Bischof. Das Leben der Menschen in Papua sei nicht von Gottes Sch\u00f6pfung isoliert. \u201eDas Meer, die Fl\u00fcsse, der Wald, die B\u00e4ume und die Tiere sind Teil von uns\u201c, erkl\u00e4rte Urame. Der Heilige Geist sei f\u00fcr die Christen in Papua-Neuguinea \u201ekeine abstrakte Idee, sondern Gottes Kraft, die die Welt erh\u00e4lt\u201c.<\/p>\n<p>Die bayerische Landeskirche unterh\u00e4lt seit Jahrzehnten eine Partnerschaft mit der Evangelisch-Lutherischen Kirche in Papua-Neuguinea. Zu ihr geh\u00f6ren laut Mission EineWelt rund zwei Millionen Mitglieder. Der Bayerische Kirchentag auf dem Hesselberg findet seit 1951 jedes Jahr am Pfingstmontag statt und wird von bis zu 10.000 Menschen besucht.<\/p>\n<\/p><\/div>\n","protected":false},"excerpt":{"rendered":"<p>Urame verwies auf sein Heimatland im Pazifik, wo das Leben \u201evom Prinzip der Beziehung geleitet\u201c sei. \u201eBeziehung definiert unsere Identit\u00e4t,<\/p>\n","protected":false},"author":2,"featured_media":8249,"comment_status":"closed","ping_status":"closed","sticky":false,"template":"","format":"standard","meta":{"footnotes":""},"categories":[20],"tags":[],"_links":{"self":[{"href":"https:\/\/krankenhauspfarramt.de\/index.php\/wp-json\/wp\/v2\/posts\/8248"}],"collection":[{"href":"https:\/\/krankenhauspfarramt.de\/index.php\/wp-json\/wp\/v2\/posts"}],"about":[{"href":"https:\/\/krankenhauspfarramt.de\/index.php\/wp-json\/wp\/v2\/types\/post"}],"author":[{"embeddable":true,"href":"https:\/\/krankenhauspfarramt.de\/index.php\/wp-json\/wp\/v2\/users\/2"}],"replies":[{"embeddable":true,"href":"https:\/\/krankenhauspfarramt.de\/index.php\/wp-json\/wp\/v2\/comments?post=8248"}],"version-history":[{"count":1,"href":"https:\/\/krankenhauspfarramt.de\/index.php\/wp-json\/wp\/v2\/posts\/8248\/revisions"}],"predecessor-version":[{"id":8250,"href":"https:\/\/krankenhauspfarramt.de\/index.php\/wp-json\/wp\/v2\/posts\/8248\/revisions\/8250"}],"wp:featuredmedia":[{"embeddable":true,"href":"https:\/\/krankenhauspfarramt.de\/index.php\/wp-json\/wp\/v2\/media\/8249"}],"wp:attachment":[{"href":"https:\/\/krankenhauspfarramt.de\/index.php\/wp-json\/wp\/v2\/media?parent=8248"}],"wp:term":[{"taxonomy":"category","embeddable":true,"href":"https:\/\/krankenhauspfarramt.de\/index.php\/wp-json\/wp\/v2\/categories?post=8248"},{"taxonomy":"post_tag","embeddable":true,"href":"https:\/\/krankenhauspfarramt.de\/index.php\/wp-json\/wp\/v2\/tags?post=8248"}],"curies":[{"name":"wp","href":"https:\/\/api.w.org\/{rel}","templated":true}]}}