{"id":8251,"date":"2025-06-11T07:50:19","date_gmt":"2025-06-11T07:50:19","guid":{"rendered":"https:\/\/krankenhauspfarramt.de\/index.php\/2025\/06\/11\/begeisterung-fuer-bach-und-die-thomaskirche-ekd\/"},"modified":"2025-06-11T07:50:21","modified_gmt":"2025-06-11T07:50:21","slug":"begeisterung-fuer-bach-und-die-thomaskirche-ekd","status":"publish","type":"post","link":"https:\/\/krankenhauspfarramt.de\/index.php\/2025\/06\/11\/begeisterung-fuer-bach-und-die-thomaskirche-ekd\/","title":{"rendered":"Begeisterung f\u00fcr Bach und die Thomaskirche \u2013 EKD"},"content":{"rendered":"<p> <br \/>\n<\/p>\n<div id=\"\">\n<p>Doch die Gemeinde und ihr damaliger Pfarrer Christian Wolff lie\u00dfen sich nicht aufhalten: Sie gr\u00fcndeten f\u00fcr die Finanzierung der Kirchenrenovierung einen Verein und er\u00f6ffneten mitten im Kirchhof einen Souvenirladen. Vor 25 Jahren, zu Pfingsten 2000, konnte die frisch sanierte Kirche dann nach dreij\u00e4hriger Sanierungszeit wieder eingeweiht werden, am 11. Juni 2000.<\/p>\n<p>Daran erinnert die Gemeinde am diesj\u00e4hrigen Pfingstsonntag (8. Juni) in einem Gottesdienst und mit einem Gemeindefest sowie F\u00fchrungen durch das Denkmal. Christian Wolff wird predigen, der Thomanerchor und das Gewandhausorchester bringen Ausz\u00fcge aus Bachs h-Moll-Messe zur Auff\u00fchrung.<\/p>\n<p>Wolff, der 1992 an die Thomaskirche gekommen war, erinnert sich im Gespr\u00e4ch mit dem Evangelischen Pressedienst (epd) noch gut an die 1990er Jahre: Konzertg\u00e4ste h\u00e4tten sich beschwert, dass w\u00e4hrend der Auff\u00fchrung von Bachs \u201eWeihnachtsoratorium\u201c der Putz von den W\u00e4nden auf die M\u00e4ntel rieselte. Zwar lag zu dieser Zeit ein Sanierungsplan vor, dieser reichte allerdings zeitlich bis in die 2020er Jahre.<\/p>\n<p>F\u00fcr den geb\u00fcrtigen D\u00fcsseldorfer Wolff war das nur schwer vorstellbar. Er war \u00fcberzeugt: Es musste auch schneller gehen. Erkl\u00e4rtes Ziel war die Fertigstellung der Bauarbeiten bis zum 250. Todestag von Bach am 28. Juli 2000.<\/p>\n<p>F\u00fcr die Komplettsanierung sollten rund zehn Millionen Mark als Eigenanteil der Gemeinde zusammenkommen. Die Gemeinde gr\u00fcndete 1997 zun\u00e4chst den Verein \u201eThomaskirche &#8211; Bach 2000\u201c und lie\u00df dann die \u201eThomaskirche &#8211; Bach 2000 Marketing GmbH\u201c als Betreiber des Thomasshops ins Handelsregister eintragen.<\/p>\n<p>Wolff hat die Bilder vom ersten Verkaufstag im Thomasshop-Pavillon mitten auf dem Kirchhof am 10. Juli 1998 noch vor Augen: Eine Reisegruppe habe den Shop quasi gest\u00fcrmt und fast das gesamte Sortiment an T-Shirts mit dem markanten Bach-Vereinslogo gekauft. Der Laden, der inzwischen ein neues Domizil direkt neben der Thomaskirche hat, ist heute zu einer festen Gr\u00f6\u00dfe geworden. Der Gewinn kommt der Kirchgemeinde zugute.<\/p>\n<p>Die Gesch\u00e4ftsf\u00fchrerin der Marketing GmbH der Thomaskirche, Helke Rubitzsch, erz\u00e4hlt von der Begeisterung f\u00fcr das Sanierungsprojekt: Um Spenden zu sammeln, seien sogar eine von Bruce Springsteen signierte Gitarre und Bilder von Udo Lindenberg versteigert worden. Wegen der Zielmarke zu Bachs Todestag habe es einen gewissen \u201eLeidensdruck\u201c gegeben: \u201eWir wussten, dass im Jahr 2000 die Musikwelt auf uns schaut\u201c, sagt Rubitzsch.<\/p>\n<p>Die gesamte Thomaskirche wurde innen und au\u00dfen saniert. Die Farbigkeit im Innenraum haben die Fachleute der urspr\u00fcnglichen sp\u00e4tgotischen Gestaltung nachempfunden: Aus tristem Grau ist Dunkelrot mit Wei\u00df geworden. Zwischen den gemauerten Verstrebungen leuchten nun helle Fl\u00e4chen, Blumen und Ranken zieren die Schlusssteine. Die Gesamtkosten betrugen zw\u00f6lf Millionen Euro.<\/p>\n<p>Aktuell geh\u00f6ren dem F\u00f6rderverein der Thomaskirche gut 350 Mitglieder an. Sie kommen vorwiegend aus Deutschland und Europa, aber auch aus Japan, den USA und Australien. Die wenigsten seien aus religi\u00f6sen Gr\u00fcnden Mitglied im Verein, sagt Rubitzsch. Vielmehr sei es die Verbindung zur Musik und zu Bach, zur Stadt Leipzig und zum Denkmal Thomaskirche, die zu einer Mitarbeit animierten.<\/p>\n<p>Der F\u00f6rderverein unterst\u00fctzt nach wie vor den Erhalt der Thomaskirche als Heimat des Thomanerchores und der Ruhest\u00e4tte Bachs. Er erm\u00f6glicht Konzerte und finanziert einzelne Projekte wie etwa ein Tastmodell der Thomaskirche f\u00fcr Blinde oder die Sanierung der beiden Orgeln.<\/p>\n<p>Wolff war bis zu seinem Eintritt in den Ruhestand 2014 Pfarrer an der Leipziger Thomaskirche. Auf die gro\u00dfe Sanierung blickt er mit Dankbarkeit zur\u00fcck: \u201eEs gab keinen Schlie\u00dftag w\u00e4hrend der Bauzeit und wir haben keine Schulden aufgenommen, zudem sind keine Unf\u00e4lle passiert.\u201c Das damalige \u201egro\u00dfe Wagnis\u201c habe die Gemeinde gest\u00e4rkt.<\/p>\n<\/div>\n<div id=\"\">\n    <!-- Test for teaser --><br \/>\n    <!--Val: 1 --><\/p>\n<p>                    \t    <!-- SRC:  --><\/p>\n<aside class=\"article--aside quintus teaser teaser__related rs_skip rs_preserve\">\n<div class=\"teaser--article teaser--content\">\n<figure class=\"teaser--image\">\n                                                    <picture><source media=\"(max-width:935px)\" srcset=\"https:\/\/www.ekd.de\/ekd_de\/ds_img\/assets_1875_x\/dorkriche-selben-kiba-teaser_rdax_625x352_60s.jpg 1x, https:\/\/www.ekd.de\/ekd_de\/ds_img\/assets_1875_x\/dorkriche-selben-kiba-teaser_rdax_1250x704_60s.jpg 2x, https:\/\/www.ekd.de\/ekd_de\/ds_img\/assets_1875_x\/dorkriche-selben-kiba-teaser_rdax_60s.jpg 3x\"><source media=\"(min-width:934px)\" srcset=\"https:\/\/www.ekd.de\/ekd_de\/ds_img\/assets_1875_x\/dorkriche-selben-kiba-teaser_rdax_360x203_70s.jpg 1x, https:\/\/www.ekd.de\/ekd_de\/ds_img\/assets_1875_x\/dorkriche-selben-kiba-teaser_rdax_720x406_70s.jpg 2x, https:\/\/www.ekd.de\/ekd_de\/ds_img\/assets_1875_x\/dorkriche-selben-kiba-teaser_rdax_1080x608_70s.jpg 3x\"><\/source><\/source><\/picture><figcaption\/>\n                                                <\/figure>\n<p class=\"quintus--text teaser--text\">Kirchengeb\u00e4ude sind nicht tote Steine oder starre Denkm\u00e4ler, sondern lebendige R\u00e4ume der Gemeinschaft, die \u00fcber Generationen hinweg Verbindungen schaffen.<\/p>\n<\/p><\/div>\n<\/aside>\n<div class=\"article--content\">\n<p>Die Kirche, in der Johann Sebastian Bach 27 Jahre lang gewirkt hatte, sei heute ein zentrales Geb\u00e4ude der Stadt Leipzig. Sie sei ein Ort des Glaubens, des Geistes und der Musik und unverzichtbar f\u00fcr das st\u00e4dtische Leben, sagt Wolff. Vor allem sei sie t\u00e4glich ge\u00f6ffnet. 2024 kamen rund 132.000 G\u00e4ste in die Thomaskirche.<\/p>\n<p>V\u00f6llig abgeschlossen sind die Arbeiten an einem jahrhundertealten Gotteshaus wie der Thomaskirche allerdings wohl nie: 25 Jahre nach Abschluss der umfangreichen Sanierung finden aktuell Steinmetzarbeiten im Eingangsbereich des sogenannten Bach-Portals statt. Alle drei gro\u00dfen historischen Eingangst\u00fcren sollen vollst\u00e4ndig aufgearbeitet werden.<\/p>\n<\/p><\/div>\n<\/div>\n","protected":false},"excerpt":{"rendered":"<p>Doch die Gemeinde und ihr damaliger Pfarrer Christian Wolff lie\u00dfen sich nicht aufhalten: Sie gr\u00fcndeten f\u00fcr die Finanzierung der Kirchenrenovierung<\/p>\n","protected":false},"author":2,"featured_media":8252,"comment_status":"closed","ping_status":"closed","sticky":false,"template":"","format":"standard","meta":{"footnotes":""},"categories":[20],"tags":[],"_links":{"self":[{"href":"https:\/\/krankenhauspfarramt.de\/index.php\/wp-json\/wp\/v2\/posts\/8251"}],"collection":[{"href":"https:\/\/krankenhauspfarramt.de\/index.php\/wp-json\/wp\/v2\/posts"}],"about":[{"href":"https:\/\/krankenhauspfarramt.de\/index.php\/wp-json\/wp\/v2\/types\/post"}],"author":[{"embeddable":true,"href":"https:\/\/krankenhauspfarramt.de\/index.php\/wp-json\/wp\/v2\/users\/2"}],"replies":[{"embeddable":true,"href":"https:\/\/krankenhauspfarramt.de\/index.php\/wp-json\/wp\/v2\/comments?post=8251"}],"version-history":[{"count":1,"href":"https:\/\/krankenhauspfarramt.de\/index.php\/wp-json\/wp\/v2\/posts\/8251\/revisions"}],"predecessor-version":[{"id":8253,"href":"https:\/\/krankenhauspfarramt.de\/index.php\/wp-json\/wp\/v2\/posts\/8251\/revisions\/8253"}],"wp:featuredmedia":[{"embeddable":true,"href":"https:\/\/krankenhauspfarramt.de\/index.php\/wp-json\/wp\/v2\/media\/8252"}],"wp:attachment":[{"href":"https:\/\/krankenhauspfarramt.de\/index.php\/wp-json\/wp\/v2\/media?parent=8251"}],"wp:term":[{"taxonomy":"category","embeddable":true,"href":"https:\/\/krankenhauspfarramt.de\/index.php\/wp-json\/wp\/v2\/categories?post=8251"},{"taxonomy":"post_tag","embeddable":true,"href":"https:\/\/krankenhauspfarramt.de\/index.php\/wp-json\/wp\/v2\/tags?post=8251"}],"curies":[{"name":"wp","href":"https:\/\/api.w.org\/{rel}","templated":true}]}}