{"id":8254,"date":"2025-06-11T10:35:42","date_gmt":"2025-06-11T10:35:42","guid":{"rendered":"https:\/\/krankenhauspfarramt.de\/index.php\/2025\/06\/11\/jede-liebe-kann-die-welt-zum-guten-veraendern-ekd\/"},"modified":"2025-06-11T10:35:46","modified_gmt":"2025-06-11T10:35:46","slug":"jede-liebe-kann-die-welt-zum-guten-veraendern-ekd","status":"publish","type":"post","link":"https:\/\/krankenhauspfarramt.de\/index.php\/2025\/06\/11\/jede-liebe-kann-die-welt-zum-guten-veraendern-ekd\/","title":{"rendered":"\u201eJede Liebe kann die Welt zum Guten ver\u00e4ndern\u201c \u2013 EKD"},"content":{"rendered":"<p> <br \/>\n<\/p>\n<div id=\"\">\n<div class=\"article--meta article--meta__border clearfix\">\n<p>                                    <time datetime=\"11.06.2025 11:00\" class=\"article--time\">11.06.2025<\/time><\/p>\n<p>                                     <strong class=\"article--type primus--overline\">Pressemitteilung<\/strong><\/p>\n<picture class=\"article--source-image image\"><source srcset=\"https:\/\/www.ekd.de\/ekd_de\/ds_img\/assets\/20170622_ekd-Quellenlogo_141_rdax_423x118.png\"><!--<source srcset=\"\/ekd_de\/ds_img\/assets\/20170622_ekd-Quellenlogo_141_rdax_141x39.png 1x, \/ekd_de\/ds_img\/assets\/20170622_ekd-Quellenlogo_141_rdax_282x78.png 2x, https:\/\/www.ekd.de\/ekd_de\/ds_img\/assets\/20170622_ekd-Quellenlogo_141_rdax_423x118.png 3x\">--><\/p>\n<p>    <\/source><\/picture>\n<\/p><\/div>\n<h2 class=\"article--sub-headline primus--sub-headline\">EKD-Ratsvorsitzende erinnert zum 500-j\u00e4hrigen Jubil\u00e4um von Luthers Hochzeit an die Bedeutung von Ehe und kirchlicher Trauung<\/h2>\n<\/p><\/div>\n<div id=\"\">\n<p>Anl\u00e4sslich des 500-j\u00e4hrigen Jubil\u00e4ums der Hochzeit von Martin Luther und Katharina von Bora erinnert die Ratsvorsitzende der Evangelischen Kirche in Deutschland (EKD), Bisch\u00f6fin Kirsten Fehrs, an die bleibende Bedeutung von Ehe, ihre Verbindlichkeit und den besonderen Segen, der in ihr liegt. \u201eDie Ehe ist immer auch ein Wagnis \u2013 aber sie wird getragen von Vertrauen und Gottes Segen\u201c, so Fehrs. \u201eSie ist kein R\u00fcckzugsort in die Privatsph\u00e4re, sondern ein \u00f6ffentliches Zeichen f\u00fcr Verl\u00e4sslichkeit, Liebe und Hoffnung. Wo zwei Menschen sich binden, ist Gottes N\u00e4he sp\u00fcrbar.\u201c<\/p>\n<p>Die Hochzeit des M\u00f6nchs Martin Luther am 13. Juni 1525 im Schwarzen Kloster nahe der Wittenberger Stadtkirche sei nicht nur ein mutiger pers\u00f6nlicher Schritt gewesen, sondern ein kraftvolles Signal f\u00fcr ein neues Verst\u00e4ndnis von Ehe, Partnerschaft und geistlichem Leben. Auch wenn man streng genommen keinen 500. Hochzeitstag feiern k\u00f6nne, sei dieses runde Jubil\u00e4um, das auch ein Teil der Reformationsgeschichte sei, ein Anlass, die Bedeutung von Liebe und Lebensgemeinschaft neu ins Licht zu r\u00fccken.<\/p>\n<p>\u201eJede Liebe kann die Welt zum Guten ver\u00e4ndern\u201c, betont Fehrs. \u201eDenn Liebe bleibt nie nur f\u00fcr sich. Sie strahlt aus, schafft Gemeinschaft, h\u00e4lt dem Hass etwas entgegen und bezeugt, dass Menschlichkeit m\u00f6glich ist.\u201c<\/p>\n<p>Ein besonderer H\u00f6hepunkt der Jubil\u00e4umsfeierlichkeiten ist der Fest-Gottesdienst in der Wittenberger Stadtkirche St. Marien am Sonntag, 15. Juni 2025, um 10 Uhr, der live im MDR-Fernsehen und im MDR-Radio \u00fcbertragen wird. In dem Gottesdienst in der Stadtkirche, in der Luther selbst predigte, besteht f\u00fcr Paare die M\u00f6glichkeit, sich spontan segnen zu lassen. Dies ist auch nach dem Gottesdienst, dann in der Fronleichnamskapelle, direkt neben der Stadtkirche weiter m\u00f6glich.<\/p>\n<p>\u201eMartin Luther und Katharina von Bora haben mit ihrer sichtbaren Verbindung gezeigt, dass Glaube und Partnerschaft einander bereichern k\u00f6nnen\u201c, so Fehrs. \u201eDie kirchliche Trauung steht heute wie damals f\u00fcr die Hoffnung, dass Liebe tr\u00e4gt und ertr\u00e4gt \u2013 auch in Zeiten von Krisen und Unsicherheit.\u201c Die evangelische Kirche begleitet Paare auf ihrem Weg mit Seelsorge, Beratung und Segen \u2013 offen f\u00fcr alle, die ihre Beziehung in Liebe und Verantwortung gestalten wollen.<\/p>\n<p>Hannover\/Wittenberg, 11. Juni 2025<\/p>\n<p>Pressestelle der EKD<br \/>Carsten Splitt<\/p>\n<\/div>\n","protected":false},"excerpt":{"rendered":"<p>11.06.2025 Pressemitteilung EKD-Ratsvorsitzende erinnert zum 500-j\u00e4hrigen Jubil\u00e4um von Luthers Hochzeit an die Bedeutung von Ehe und kirchlicher Trauung Anl\u00e4sslich des<\/p>\n","protected":false},"author":2,"featured_media":8255,"comment_status":"closed","ping_status":"closed","sticky":false,"template":"","format":"standard","meta":{"footnotes":""},"categories":[20],"tags":[],"_links":{"self":[{"href":"https:\/\/krankenhauspfarramt.de\/index.php\/wp-json\/wp\/v2\/posts\/8254"}],"collection":[{"href":"https:\/\/krankenhauspfarramt.de\/index.php\/wp-json\/wp\/v2\/posts"}],"about":[{"href":"https:\/\/krankenhauspfarramt.de\/index.php\/wp-json\/wp\/v2\/types\/post"}],"author":[{"embeddable":true,"href":"https:\/\/krankenhauspfarramt.de\/index.php\/wp-json\/wp\/v2\/users\/2"}],"replies":[{"embeddable":true,"href":"https:\/\/krankenhauspfarramt.de\/index.php\/wp-json\/wp\/v2\/comments?post=8254"}],"version-history":[{"count":1,"href":"https:\/\/krankenhauspfarramt.de\/index.php\/wp-json\/wp\/v2\/posts\/8254\/revisions"}],"predecessor-version":[{"id":8256,"href":"https:\/\/krankenhauspfarramt.de\/index.php\/wp-json\/wp\/v2\/posts\/8254\/revisions\/8256"}],"wp:featuredmedia":[{"embeddable":true,"href":"https:\/\/krankenhauspfarramt.de\/index.php\/wp-json\/wp\/v2\/media\/8255"}],"wp:attachment":[{"href":"https:\/\/krankenhauspfarramt.de\/index.php\/wp-json\/wp\/v2\/media?parent=8254"}],"wp:term":[{"taxonomy":"category","embeddable":true,"href":"https:\/\/krankenhauspfarramt.de\/index.php\/wp-json\/wp\/v2\/categories?post=8254"},{"taxonomy":"post_tag","embeddable":true,"href":"https:\/\/krankenhauspfarramt.de\/index.php\/wp-json\/wp\/v2\/tags?post=8254"}],"curies":[{"name":"wp","href":"https:\/\/api.w.org\/{rel}","templated":true}]}}