{"id":8257,"date":"2025-06-11T11:51:36","date_gmt":"2025-06-11T11:51:36","guid":{"rendered":"https:\/\/krankenhauspfarramt.de\/index.php\/2025\/06\/11\/kontaktkonferenz-digitale-theologie-im-gespraech-ekd\/"},"modified":"2025-06-11T11:51:39","modified_gmt":"2025-06-11T11:51:39","slug":"kontaktkonferenz-digitale-theologie-im-gespraech-ekd","status":"publish","type":"post","link":"https:\/\/krankenhauspfarramt.de\/index.php\/2025\/06\/11\/kontaktkonferenz-digitale-theologie-im-gespraech-ekd\/","title":{"rendered":"Kontaktkonferenz \u2013 Digitale Theologie im Gespr\u00e4ch \u2013 EKD"},"content":{"rendered":"<p> <br \/>\n<\/p>\n<div>\n<p>Im Zuge der digitalen Transformation ver\u00e4ndern sich die Formen, wie Menschen Kontakte pflegen, Beziehungen gestalten und auch kirchliche Gemeinschaft erleben. Die Kontaktkonferenz an der Friedrich-Alexander-Universit\u00e4t Erlangen-N\u00fcrnberg widmete sich im Oktober 2024 genau dieser Entwicklung: Welche Bedeutung hat \u201eKontakt\u201c unter den Bedingungen digitaler Kommunikation f\u00fcr Theologie, Kirche und Gesellschaft?<\/p>\n<\/p><\/div>\n<div id=\"\">\n<p>\u00dcber drei Tage hinweg beleuchteten Expertinnen und Experten aus Praktischer Theologie, Ethik, Systematischer Theologie und weiteren Disziplinen das Thema aus unterschiedlichen Perspektiven. Die Vortr\u00e4ge reichten von theologischen Deutungen digitaler Kontaktzonen \u00fcber ethische Fragen der Medienvermittlung bis hin zu Auswirkungen auf Seelsorge, Gottesdienst, Religionsunterricht und diakonisches Handeln.<\/p>\n<p>Ziel der Konferenz war es, das theologische Reflexionspotenzial des Begriffs \u201eKontakt\u201c f\u00fcr die gegenw\u00e4rtige kirchliche Praxis und f\u00fcr den gesellschaftlichen Wandel fruchtbar zu machen. Gleichzeitig diente die Veranstaltung als Auftakt f\u00fcr die Gr\u00fcndung der deutschsprachigen Sektion des Global Network for Digital Theology.<\/p>\n<p>Gef\u00f6rdert wurde die Kontaktkonferenz mit 5.464 Euro aus dem Digitalinnovationsfonds.<\/p>\n<\/div>\n","protected":false},"excerpt":{"rendered":"<p>Im Zuge der digitalen Transformation ver\u00e4ndern sich die Formen, wie Menschen Kontakte pflegen, Beziehungen gestalten und auch kirchliche Gemeinschaft erleben.<\/p>\n","protected":false},"author":2,"featured_media":8258,"comment_status":"closed","ping_status":"closed","sticky":false,"template":"","format":"standard","meta":{"footnotes":""},"categories":[20],"tags":[],"_links":{"self":[{"href":"https:\/\/krankenhauspfarramt.de\/index.php\/wp-json\/wp\/v2\/posts\/8257"}],"collection":[{"href":"https:\/\/krankenhauspfarramt.de\/index.php\/wp-json\/wp\/v2\/posts"}],"about":[{"href":"https:\/\/krankenhauspfarramt.de\/index.php\/wp-json\/wp\/v2\/types\/post"}],"author":[{"embeddable":true,"href":"https:\/\/krankenhauspfarramt.de\/index.php\/wp-json\/wp\/v2\/users\/2"}],"replies":[{"embeddable":true,"href":"https:\/\/krankenhauspfarramt.de\/index.php\/wp-json\/wp\/v2\/comments?post=8257"}],"version-history":[{"count":1,"href":"https:\/\/krankenhauspfarramt.de\/index.php\/wp-json\/wp\/v2\/posts\/8257\/revisions"}],"predecessor-version":[{"id":8259,"href":"https:\/\/krankenhauspfarramt.de\/index.php\/wp-json\/wp\/v2\/posts\/8257\/revisions\/8259"}],"wp:featuredmedia":[{"embeddable":true,"href":"https:\/\/krankenhauspfarramt.de\/index.php\/wp-json\/wp\/v2\/media\/8258"}],"wp:attachment":[{"href":"https:\/\/krankenhauspfarramt.de\/index.php\/wp-json\/wp\/v2\/media?parent=8257"}],"wp:term":[{"taxonomy":"category","embeddable":true,"href":"https:\/\/krankenhauspfarramt.de\/index.php\/wp-json\/wp\/v2\/categories?post=8257"},{"taxonomy":"post_tag","embeddable":true,"href":"https:\/\/krankenhauspfarramt.de\/index.php\/wp-json\/wp\/v2\/tags?post=8257"}],"curies":[{"name":"wp","href":"https:\/\/api.w.org\/{rel}","templated":true}]}}