{"id":8266,"date":"2025-06-11T22:43:47","date_gmt":"2025-06-11T22:43:47","guid":{"rendered":"https:\/\/krankenhauspfarramt.de\/index.php\/2025\/06\/11\/11-06-2025-gruendung-des-evangelischen-bildungswerks-wuerttemberg\/"},"modified":"2025-06-11T22:43:47","modified_gmt":"2025-06-11T22:43:47","slug":"11-06-2025-gruendung-des-evangelischen-bildungswerks-wuerttemberg","status":"publish","type":"post","link":"https:\/\/krankenhauspfarramt.de\/index.php\/2025\/06\/11\/11-06-2025-gruendung-des-evangelischen-bildungswerks-wuerttemberg\/","title":{"rendered":"11.06.2025 Gr\u00fcndung des Evangelischen Bildungswerks W\u00fcrttemberg"},"content":{"rendered":"<p><\/p>\n<div>\n<p>Stuttgart. Mit einem Festakt im Stuttgarter Hospitalhof ist am 4. Juni die Gr\u00fcndung des Evangelischen Bildungswerk W\u00fcrttemberg gefeiert worden, das zum 1. Januar 2025 die Arbeit aufgenommen hat. Oberkirchenr\u00e4tin Carmen Rivuzumwami, Leiterin des Dezernats f\u00fcr Bildung, Schule und Diakonat im Oberkirchenrat der w\u00fcrttembergischen Landeskirche, sagte in ihrem Gru\u00dfwort: \u201eIch freue mich sehr, dass es seit Januar dieses zukunftsf\u00e4hige Evangelische Bildungswerk in W\u00fcrttemberg gibt\u201c. Sie ermutigte dazu, \u201eBildungsprozesse wirksam zu steuern, tragf\u00e4hige Visionen zu entwickeln und Neues auszuprobieren, insbesondere in Zeiten von gro\u00dfen Ver\u00e4nderungen.\u201c\u00a0<\/p>\n<p>Im neuen Evangelischen Bildungswerk W\u00fcrttemberg hat die Landeskirche verschiedenen Arbeitsbereiche f\u00fcr die Zielgruppen Erwachsene, Familien, M\u00e4nner, Frauen und \u00c4ltere vernetzt. Dadurch soll die Bildungsarbeit in Kirchengemeinden und Kirchenbezirken, in Einrichtungen der Landeskirche, in Verb\u00e4nden und in rechtlich selbst\u00e4ndigen Organisationen noch besser unterst\u00fctzt werden.\u00a0\u00a0<\/p>\n<p>Das neue Bildungswerk fasst folgende Organisationen zusammen:\u202f\u00a0<\/p>\n<ul>\n<li><span>Ev. Arbeitsgemeinschaft f\u00fcr Erwachsenen- und Familienbildung in W\u00fcrttemberg (EAEW)\u00a0<\/span><\/li>\n<li><span>Landesarbeitsgemeinschaft Evangelischer Familienbildungsst\u00e4tten in W\u00fcrttemberg (LeF)\u00a0<\/span><\/li>\n<li><span>Landesarbeitsgemeinschaft Evangelischer Bildungswerke in W\u00fcrttemberg (LageB)\u00a0<\/span><\/li>\n<li><span>Landesarbeitsgemeinschaft Evangelischer Seniorinnen und Senioren in W\u00fcrttemberg (LageS)\u00a0<\/span><\/li>\n<li><span>Evangelische Aktionsgemeinschaft f\u00fcr Familienfragen (EAF) &#8211; Landesarbeitskreis W\u00fcrttemberg\u00a0<\/span><\/li>\n<li><span>Evangelisches M\u00e4nnernetzwerk (EMNW)\u00a0<\/span><\/li>\n<li><span>Evangelische Frauen in W\u00fcrttemberg (EFW)\u202f\u00a0<\/span><\/li>\n<\/ul>\n<p>Mehr \u00fcber das Ev. Bildungswerk W\u00fcrttemberg erfahren Sie unter <u>https:\/\/ev-bildungswerk-wuerttemberg.de\/<\/u>\u00a0\u00a0<\/p>\n<p>Dan Peter\u00a0<\/p>\n<p>Sprecher der Landeskirche\u00a0<\/p>\n<p><strong>HINWEIS:<\/strong> Ein Bild von Carmen Rivuzumwami finden Sie im <u>hier.<\/u><\/p>\n<\/p><\/div>\n","protected":false},"excerpt":{"rendered":"<p>Stuttgart. Mit einem Festakt im Stuttgarter Hospitalhof ist am 4. Juni die Gr\u00fcndung des Evangelischen Bildungswerk W\u00fcrttemberg gefeiert worden, das<\/p>\n","protected":false},"author":1,"featured_media":0,"comment_status":"closed","ping_status":"closed","sticky":false,"template":"","format":"standard","meta":{"footnotes":""},"categories":[21],"tags":[],"_links":{"self":[{"href":"https:\/\/krankenhauspfarramt.de\/index.php\/wp-json\/wp\/v2\/posts\/8266"}],"collection":[{"href":"https:\/\/krankenhauspfarramt.de\/index.php\/wp-json\/wp\/v2\/posts"}],"about":[{"href":"https:\/\/krankenhauspfarramt.de\/index.php\/wp-json\/wp\/v2\/types\/post"}],"author":[{"embeddable":true,"href":"https:\/\/krankenhauspfarramt.de\/index.php\/wp-json\/wp\/v2\/users\/1"}],"replies":[{"embeddable":true,"href":"https:\/\/krankenhauspfarramt.de\/index.php\/wp-json\/wp\/v2\/comments?post=8266"}],"version-history":[{"count":0,"href":"https:\/\/krankenhauspfarramt.de\/index.php\/wp-json\/wp\/v2\/posts\/8266\/revisions"}],"wp:attachment":[{"href":"https:\/\/krankenhauspfarramt.de\/index.php\/wp-json\/wp\/v2\/media?parent=8266"}],"wp:term":[{"taxonomy":"category","embeddable":true,"href":"https:\/\/krankenhauspfarramt.de\/index.php\/wp-json\/wp\/v2\/categories?post=8266"},{"taxonomy":"post_tag","embeddable":true,"href":"https:\/\/krankenhauspfarramt.de\/index.php\/wp-json\/wp\/v2\/tags?post=8266"}],"curies":[{"name":"wp","href":"https:\/\/api.w.org\/{rel}","templated":true}]}}