{"id":8273,"date":"2025-06-12T12:01:14","date_gmt":"2025-06-12T12:01:14","guid":{"rendered":"https:\/\/krankenhauspfarramt.de\/index.php\/2025\/06\/12\/nizaea-jubilaeum-soll-oekumenische-verbundenheit-sichtbar-machen-ekd\/"},"modified":"2025-06-12T12:01:15","modified_gmt":"2025-06-12T12:01:15","slug":"nizaea-jubilaeum-soll-oekumenische-verbundenheit-sichtbar-machen-ekd","status":"publish","type":"post","link":"https:\/\/krankenhauspfarramt.de\/index.php\/2025\/06\/12\/nizaea-jubilaeum-soll-oekumenische-verbundenheit-sichtbar-machen-ekd\/","title":{"rendered":"Niz\u00e4a-Jubil\u00e4um soll \u00f6kumenische Verbundenheit sichtbar machen \u2013 EKD"},"content":{"rendered":"<p> <br \/>\n<\/p>\n<div>\n<p>Frankfurt a.M. (epd). Die Arbeitsgemeinschaft Christlicher Kirchen in Deutschland (ACK) hat dazu aufgerufen, am kommenden Wochenende in den Gemeinden in besonderer Weise an das 1.700-Jahr-Jubil\u00e4um des Konzils von Niz\u00e4a zu erinnern. Dieses Konzil habe das Fundament f\u00fcr zentrale Glaubensinhalte gelegt, die bis heute \u00f6kumenische Relevanz besitzen, teilte der Dachverband am Mittwoch in Frankfurt am Main mit. Das von Ost- und Westkirchen gemeinsam gefeierte Osterfest in diesem Jahr sei zudem eine besondere \u00f6kumenische Gelegenheit.<\/p>\n<\/p><\/div>\n<div id=\"\">\n<p>Die Arbeitsgemeinschaft Christlicher Kirchen hatte dazu aufgerufen, \u201ean einem Sonntag im Jahr 2025 die liturgischen Materialien zum Jahrestag des Konzils von Niz\u00e4a zu verwenden und das Niz\u00e4no-Constantinopolitanum in seiner \u00f6kumenischen Version zu beten\u201c. Daf\u00fcr biete sich die Zeit um den ersten Sonntag nach Pfingsten besonders an. Gemeinden seien eingeladen, in den Gottesdiensten am kommenden Wochenende (14.\/15. Juni) diesem Aufruf zu folgen, um die \u00f6kumenische Verbundenheit aller Ortsgemeinden sichtbar zu machen.<\/p>\n<p>In diesem Jahr j\u00e4hrt sich zum 1.700. Mal das erste \u00f6kumenische Konzil der Welt, das Konzil von Niz\u00e4a im Jahr 325. Es gilt als ein Schl\u00fcsselmoment in der Geschichte des christlichen Glaubens und f\u00fcr den \u00f6kumenischen Weg bis heute. Das Konzil hatte das Ziel, die Kircheneinheit zu wahren. Auf dem Konzil wurden laut ACK das Fundament f\u00fcr zentrale Glaubensinhalte gelegt &#8211; allen voran f\u00fcr das niz\u00e4no-konstantinopolitanische Glaubensbekenntnis und f\u00fcr die Trinit\u00e4tslehre \u00fcber das Wesen Gottes, die bis heute \u00f6kumenische Relevanz besitzen.<\/p>\n<\/div>\n<div id=\"\">\n    <!-- Test for teaser --><br \/>\n    <!--Val: 1 --><\/p>\n<p>                    \t    <!-- SRC:  --><\/p>\n<aside class=\"article--aside quintus teaser teaser__related rs_skip rs_preserve\">\n<div class=\"teaser--article teaser--content\">\n<figure class=\"teaser--image\">\n                                                    <picture><source media=\"(max-width:935px)\" srcset=\"https:\/\/www.ekd.de\/ekd_de\/ds_img\/assets_1875_x\/220514_Pixabay_vrediinka_Frau_Buch_Boot_1875x1056_rdax_625x352_60s.jpg 1x, https:\/\/www.ekd.de\/ekd_de\/ds_img\/assets_1875_x\/220514_Pixabay_vrediinka_Frau_Buch_Boot_1875x1056_rdax_1250x704_60s.jpg 2x, https:\/\/www.ekd.de\/ekd_de\/ds_img\/assets_1875_x\/220514_Pixabay_vrediinka_Frau_Buch_Boot_1875x1056_rdax_60s.jpg 3x\"><source media=\"(min-width:934px)\" srcset=\"https:\/\/www.ekd.de\/ekd_de\/ds_img\/assets_1875_x\/220514_Pixabay_vrediinka_Frau_Buch_Boot_1875x1056_rdax_360x203_70s.jpg 1x, https:\/\/www.ekd.de\/ekd_de\/ds_img\/assets_1875_x\/220514_Pixabay_vrediinka_Frau_Buch_Boot_1875x1056_rdax_720x406_70s.jpg 2x, https:\/\/www.ekd.de\/ekd_de\/ds_img\/assets_1875_x\/220514_Pixabay_vrediinka_Frau_Buch_Boot_1875x1056_rdax_1080x608_70s.jpg 3x\"><\/source><\/source><\/picture><figcaption\/>\n                                                <\/figure>\n<p class=\"quintus--text teaser--text\">\u201e\u00d6kumene\u201c hei\u00dft \u00fcbersetzt \u201edie ganze bewohnte Erde\u201c und meint die Verbundenheit von Christ*innen verschiedener Konfessionen. Diese Verbundenheit wird in Deutschland und weltweit gelebt \u2013 mit vielen inspirierenden Projekten zum Mit- und Nachmachen.<\/p>\n<\/p><\/div>\n<\/aside>\n<div class=\"article--content\">\n<p>Die Arbeitsgemeinschaft Christlicher Kirchen in Deutschland (ACK) wurde 1948 gegr\u00fcndet. Inzwischen geh\u00f6ren ihr 19 Kirchen unterschiedlicher Traditionen an, weitere sechs Kirchen sind Gastmitglieder und f\u00fcnf \u00f6kumenische Organisationen haben Beobachterstatus. Die ACK gestaltet dazu unter anderem den j\u00e4hrlichen zentralen Gottesdienst zur Gebetswoche f\u00fcr die Einheit der Christen und richtet den \u00d6kumenischen Tag der Sch\u00f6pfung aus.<\/p>\n<\/p><\/div>\n<\/div>\n","protected":false},"excerpt":{"rendered":"<p>Frankfurt a.M. (epd). Die Arbeitsgemeinschaft Christlicher Kirchen in Deutschland (ACK) hat dazu aufgerufen, am kommenden Wochenende in den Gemeinden in<\/p>\n","protected":false},"author":2,"featured_media":8274,"comment_status":"closed","ping_status":"closed","sticky":false,"template":"","format":"standard","meta":{"footnotes":""},"categories":[20],"tags":[],"_links":{"self":[{"href":"https:\/\/krankenhauspfarramt.de\/index.php\/wp-json\/wp\/v2\/posts\/8273"}],"collection":[{"href":"https:\/\/krankenhauspfarramt.de\/index.php\/wp-json\/wp\/v2\/posts"}],"about":[{"href":"https:\/\/krankenhauspfarramt.de\/index.php\/wp-json\/wp\/v2\/types\/post"}],"author":[{"embeddable":true,"href":"https:\/\/krankenhauspfarramt.de\/index.php\/wp-json\/wp\/v2\/users\/2"}],"replies":[{"embeddable":true,"href":"https:\/\/krankenhauspfarramt.de\/index.php\/wp-json\/wp\/v2\/comments?post=8273"}],"version-history":[{"count":1,"href":"https:\/\/krankenhauspfarramt.de\/index.php\/wp-json\/wp\/v2\/posts\/8273\/revisions"}],"predecessor-version":[{"id":8275,"href":"https:\/\/krankenhauspfarramt.de\/index.php\/wp-json\/wp\/v2\/posts\/8273\/revisions\/8275"}],"wp:featuredmedia":[{"embeddable":true,"href":"https:\/\/krankenhauspfarramt.de\/index.php\/wp-json\/wp\/v2\/media\/8274"}],"wp:attachment":[{"href":"https:\/\/krankenhauspfarramt.de\/index.php\/wp-json\/wp\/v2\/media?parent=8273"}],"wp:term":[{"taxonomy":"category","embeddable":true,"href":"https:\/\/krankenhauspfarramt.de\/index.php\/wp-json\/wp\/v2\/categories?post=8273"},{"taxonomy":"post_tag","embeddable":true,"href":"https:\/\/krankenhauspfarramt.de\/index.php\/wp-json\/wp\/v2\/tags?post=8273"}],"curies":[{"name":"wp","href":"https:\/\/api.w.org\/{rel}","templated":true}]}}