{"id":8276,"date":"2025-06-12T16:02:51","date_gmt":"2025-06-12T16:02:51","guid":{"rendered":"https:\/\/krankenhauspfarramt.de\/index.php\/2025\/06\/12\/liebe-kann-die-welt-veraendern-ekd\/"},"modified":"2025-06-12T16:02:52","modified_gmt":"2025-06-12T16:02:52","slug":"liebe-kann-die-welt-veraendern-ekd","status":"publish","type":"post","link":"https:\/\/krankenhauspfarramt.de\/index.php\/2025\/06\/12\/liebe-kann-die-welt-veraendern-ekd\/","title":{"rendered":"Liebe kann die Welt ver\u00e4ndern \u2013 EKD"},"content":{"rendered":"<p> <br \/>\n<\/p>\n<div>\n<p>Die Ehe sei kein R\u00fcckzugsort in die Privatsph\u00e4re, \u201esondern ein \u00f6ffentliches Zeichen f\u00fcr Verl\u00e4sslichkeit, Liebe und Hoffnung. Wo zwei Menschen sich binden, ist Gottes N\u00e4he sp\u00fcrbar\u201c, f\u00fcgte Fehrs hinzu. Die kirchliche Trauung stehe heute wie damals f\u00fcr die Hoffnung, \u201edass Liebe tr\u00e4gt und ertr\u00e4gt &#8211; auch in Zeiten von Krisen und Unsicherheit.\u201c Das runde Jubil\u00e4um sei Teil der Reformationsgeschichte. Es sei Anlass, die Bedeutung von Liebe und Lebensgemeinschaft neu ins Licht zu r\u00fccken.<\/p>\n<p>Ein besonderer H\u00f6hepunkt der Jubil\u00e4umsfeierlichkeiten ist laut EKD der Fest-Gottesdienst in der Wittenberger Stadtkirche St. Marien am Sonntag, 15. Juni 2025, um 10 Uhr, der live im MDR-Fernsehen und im MDR-Radio \u00fcbertragen wird. In dem Gottesdienst in der Stadtkirche, in der Luther selbst predigte, bestehe f\u00fcr Paare die M\u00f6glichkeit, sich spontan segnen zu lassen. Dies sei auch nach dem Gottesdienst, dann in der Fronleichnamskapelle, direkt neben der Stadtkirche weiter m\u00f6glich.<\/p>\n<\/p><\/div>\n","protected":false},"excerpt":{"rendered":"<p>Die Ehe sei kein R\u00fcckzugsort in die Privatsph\u00e4re, \u201esondern ein \u00f6ffentliches Zeichen f\u00fcr Verl\u00e4sslichkeit, Liebe und Hoffnung. Wo zwei Menschen<\/p>\n","protected":false},"author":2,"featured_media":8277,"comment_status":"closed","ping_status":"closed","sticky":false,"template":"","format":"standard","meta":{"footnotes":""},"categories":[20],"tags":[],"_links":{"self":[{"href":"https:\/\/krankenhauspfarramt.de\/index.php\/wp-json\/wp\/v2\/posts\/8276"}],"collection":[{"href":"https:\/\/krankenhauspfarramt.de\/index.php\/wp-json\/wp\/v2\/posts"}],"about":[{"href":"https:\/\/krankenhauspfarramt.de\/index.php\/wp-json\/wp\/v2\/types\/post"}],"author":[{"embeddable":true,"href":"https:\/\/krankenhauspfarramt.de\/index.php\/wp-json\/wp\/v2\/users\/2"}],"replies":[{"embeddable":true,"href":"https:\/\/krankenhauspfarramt.de\/index.php\/wp-json\/wp\/v2\/comments?post=8276"}],"version-history":[{"count":1,"href":"https:\/\/krankenhauspfarramt.de\/index.php\/wp-json\/wp\/v2\/posts\/8276\/revisions"}],"predecessor-version":[{"id":8278,"href":"https:\/\/krankenhauspfarramt.de\/index.php\/wp-json\/wp\/v2\/posts\/8276\/revisions\/8278"}],"wp:featuredmedia":[{"embeddable":true,"href":"https:\/\/krankenhauspfarramt.de\/index.php\/wp-json\/wp\/v2\/media\/8277"}],"wp:attachment":[{"href":"https:\/\/krankenhauspfarramt.de\/index.php\/wp-json\/wp\/v2\/media?parent=8276"}],"wp:term":[{"taxonomy":"category","embeddable":true,"href":"https:\/\/krankenhauspfarramt.de\/index.php\/wp-json\/wp\/v2\/categories?post=8276"},{"taxonomy":"post_tag","embeddable":true,"href":"https:\/\/krankenhauspfarramt.de\/index.php\/wp-json\/wp\/v2\/tags?post=8276"}],"curies":[{"name":"wp","href":"https:\/\/api.w.org\/{rel}","templated":true}]}}