{"id":8279,"date":"2025-06-13T10:59:12","date_gmt":"2025-06-13T10:59:12","guid":{"rendered":"https:\/\/krankenhauspfarramt.de\/index.php\/2025\/06\/13\/fotowettbewerb-von-stiftung-kiba-und-kd-bank-ekd\/"},"modified":"2025-06-13T10:59:16","modified_gmt":"2025-06-13T10:59:16","slug":"fotowettbewerb-von-stiftung-kiba-und-kd-bank-ekd","status":"publish","type":"post","link":"https:\/\/krankenhauspfarramt.de\/index.php\/2025\/06\/13\/fotowettbewerb-von-stiftung-kiba-und-kd-bank-ekd\/","title":{"rendered":"Fotowettbewerb von Stiftung KiBa und KD-Bank \u2013 EKD"},"content":{"rendered":"<p> <br \/>\n<\/p>\n<div id=\"\">\n<div class=\"article--meta article--meta__border clearfix\">\n<p>                                    <time datetime=\"13.06.2025 11:00\" class=\"article--time\">13.06.2025<\/time><\/p>\n<p>                                     <strong class=\"article--type primus--overline\">Pressemitteilung<\/strong><\/p>\n<picture class=\"article--source-image image\"><source srcset=\"https:\/\/www.ekd.de\/ekd_de\/ds_img\/assets\/20170622_ekd-Quellenlogo_141_rdax_423x118.png\"><!--<source srcset=\"\/ekd_de\/ds_img\/assets\/20170622_ekd-Quellenlogo_141_rdax_141x39.png 1x, \/ekd_de\/ds_img\/assets\/20170622_ekd-Quellenlogo_141_rdax_282x78.png 2x, https:\/\/www.ekd.de\/ekd_de\/ds_img\/assets\/20170622_ekd-Quellenlogo_141_rdax_423x118.png 3x\">--><\/p>\n<p>    <\/source><\/picture>\n<\/p><\/div>\n<h2 class=\"article--sub-headline primus--sub-headline\">Die sch\u00f6nsten Kirchenbilder sind gefunden <\/h2>\n<\/p><\/div>\n<div id=\"\">\n<p>Ein Kirchenraum, in dem und f\u00fcr den gearbeitet wird: Eine Aufnahme der Kirche St.\u00a0Georg in Arneburg (Sachsen-Anhalt) als Baustelle erhielt den ersten Preis des diesj\u00e4hrigen Fotowettbewerbs, den die Stiftung zur Bewahrung kirchlicher Baudenkm\u00e4ler in Deutschland (Stiftung KiBa) und die KD-Bank ausgelobt hatten. Neben dem mit 300 Euro pr\u00e4mierten Siegerfoto von Wolfgang W\u00e4hnelt zeichnete die Jury zwei weitere Aufnahmen aus und vergab einen undotierten Sonderpreis.<\/p>\n<p>Das erstplatzierte Foto zeigt den Altarraum von St. Georg durch eine halb ge\u00f6ffnete Bauplane, die wie ein Theatervorhang Aufmerksamkeit lenkt auf das, was hinter ihr erscheint. Der pr\u00e4chtige Barockaltar r\u00fcckt in den Mittelpunkt. \u201eDie gelungen komponierte Aufnahme steht sinnbildlich f\u00fcr die Arbeit unserer Stiftung\u201c, sagt KiBa-Gesch\u00e4ftsf\u00fchrerin Catharina Hasenclever. \u201eWir bringen die Bauarbeiten in die Kirche \u2212 und gleichzeitig die Aussicht auf sch\u00f6ne und f\u00fcr kommende Generationen weiterhin nutzbare Kirchenr\u00e4ume.\u201c Die Stiftung hatte die Arbeiten in Arneburg 2024 mit 15.000 Euro unterst\u00fctzt.<\/p>\n<p>Den zweiten Platz im Wettbewerb errang Susanne Koeppen f\u00fcr ihre m\u00e4rchenhaft-winterliche Aufnahme der Stabkirche im nieders\u00e4chsischen Hahnenklee. Das mit 200 Euro pr\u00e4mierte Foto zeigt die Kirche in einer verschneiten und nahezu unber\u00fchrten Umgebung. \u201eDamit strahlt es gerade in unserer hektischen, schnelllebigen Zeit eine wohltuende Ruhe aus\u201c, so die KiBa-Gesch\u00e4ftsf\u00fchrerin. Dritte Siegerin wurde Yvonne Bulanda. F\u00fcr ihre ungew\u00f6hnliche Perspektive auf das Innenleben der Friedhofskirche Balingen (Baden-W\u00fcrttemberg) erhielt sie 100\u00a0Euro. \u201eSie hat einen wohlkomponierten Blick festgehalten, der nicht von oben herab, sondern von ganz unten durch die Bankreihen ins Freie geworfen wird. Dieser Blick von innen in die Helligkeit passt zur Bestimmung der Kirche.\u201c<\/p>\n<p>Den Sonderpreis erkannte die Jury Franz Frieling f\u00fcr seine \u00fcberzeugend grafische Perspektive auf den Kirchenraum der altreformierten Kirche in Emlichheim (Niedersachsen) zu. Insgesamt waren mehr als 600 Aufnahmen eingesandt worden; aus den zw\u00f6lf sch\u00f6nsten soll wie immer ein Foto-Kalender f\u00fcr das kommende Jahr entstehen. Alle eingesandten Aufnahmen k\u00f6nnen angesehen werden unter www.stiftung-kiba.de\/fotowettbewerb2025.<\/p>\n<p>Die Stiftung zur Bewahrung kirchlicher Baudenkm\u00e4ler in Deutschland (Stiftung KiBa) ist eine Stiftung der EKD und der evangelischen Landeskirchen. Seit 1999 hat sie Zusagen f\u00fcr Sanierungsvorhaben in H\u00f6he von mehr als 40 Millionen Euro geben k\u00f6nnen. F\u00fcr dieses Jahr hat die KiBa bislang F\u00f6rderzusagen von rund 1,33 Millionen Euro vorgesehen. Rund 3.400 Mitglieder engagieren sich bundesweit im \u201eF\u00f6rderverein der Stiftung KiBa e. V.\u201c Weitere Informationen unter www.stiftung-kiba.de<\/p>\n<p>Hannover, 13. Juni 2025<\/p>\n<p>Pressestelle der EKD<\/p>\n<\/div>\n","protected":false},"excerpt":{"rendered":"<p>13.06.2025 Pressemitteilung Die sch\u00f6nsten Kirchenbilder sind gefunden Ein Kirchenraum, in dem und f\u00fcr den gearbeitet wird: Eine Aufnahme der Kirche<\/p>\n","protected":false},"author":2,"featured_media":8280,"comment_status":"closed","ping_status":"closed","sticky":false,"template":"","format":"standard","meta":{"footnotes":""},"categories":[20],"tags":[],"_links":{"self":[{"href":"https:\/\/krankenhauspfarramt.de\/index.php\/wp-json\/wp\/v2\/posts\/8279"}],"collection":[{"href":"https:\/\/krankenhauspfarramt.de\/index.php\/wp-json\/wp\/v2\/posts"}],"about":[{"href":"https:\/\/krankenhauspfarramt.de\/index.php\/wp-json\/wp\/v2\/types\/post"}],"author":[{"embeddable":true,"href":"https:\/\/krankenhauspfarramt.de\/index.php\/wp-json\/wp\/v2\/users\/2"}],"replies":[{"embeddable":true,"href":"https:\/\/krankenhauspfarramt.de\/index.php\/wp-json\/wp\/v2\/comments?post=8279"}],"version-history":[{"count":1,"href":"https:\/\/krankenhauspfarramt.de\/index.php\/wp-json\/wp\/v2\/posts\/8279\/revisions"}],"predecessor-version":[{"id":8281,"href":"https:\/\/krankenhauspfarramt.de\/index.php\/wp-json\/wp\/v2\/posts\/8279\/revisions\/8281"}],"wp:featuredmedia":[{"embeddable":true,"href":"https:\/\/krankenhauspfarramt.de\/index.php\/wp-json\/wp\/v2\/media\/8280"}],"wp:attachment":[{"href":"https:\/\/krankenhauspfarramt.de\/index.php\/wp-json\/wp\/v2\/media?parent=8279"}],"wp:term":[{"taxonomy":"category","embeddable":true,"href":"https:\/\/krankenhauspfarramt.de\/index.php\/wp-json\/wp\/v2\/categories?post=8279"},{"taxonomy":"post_tag","embeddable":true,"href":"https:\/\/krankenhauspfarramt.de\/index.php\/wp-json\/wp\/v2\/tags?post=8279"}],"curies":[{"name":"wp","href":"https:\/\/api.w.org\/{rel}","templated":true}]}}