{"id":8282,"date":"2025-06-13T12:12:41","date_gmt":"2025-06-13T12:12:41","guid":{"rendered":"https:\/\/krankenhauspfarramt.de\/index.php\/2025\/06\/13\/berliner-bischof-trifft-sich-mit-zurueckgewiesenen-somaliern-ekd\/"},"modified":"2025-06-13T12:12:42","modified_gmt":"2025-06-13T12:12:42","slug":"berliner-bischof-trifft-sich-mit-zurueckgewiesenen-somaliern-ekd","status":"publish","type":"post","link":"https:\/\/krankenhauspfarramt.de\/index.php\/2025\/06\/13\/berliner-bischof-trifft-sich-mit-zurueckgewiesenen-somaliern-ekd\/","title":{"rendered":"Berliner Bischof trifft sich mit zur\u00fcckgewiesenen Somaliern \u2013 EKD"},"content":{"rendered":"<p> <br \/>\n<\/p>\n<div>\n<p>Der Bischof der Evangelischen Kirche Berlin-Brandenburg-schlesische Oberlausitz sagte zu seinem Treffen mit den drei Somaliern: \u201eWenn ich ihre Lebensgeschichten h\u00f6re und ihre Verletzlichkeit sp\u00fcre, dann trifft es mich, dass Menschen, die Schutz suchen, an unseren Grenzen abgewiesen werden.\u201c Das Urteil des Berliner Verwaltungsgerichts habe best\u00e4tigt, dass es rechtswidrig war, sie trotz des Asylantrages zur\u00fcckzuweisen. St\u00e4blein f\u00fcgte hinzu: \u201eIch sehe die Bundesregierung in der Verantwortung, auf dieses Urteil mit Selbstpr\u00fcfung zu reagieren.\u201c Es gehe um die Glaubw\u00fcrdigkeit des Rechtsstaats.<\/p>\n<\/p><\/div>\n","protected":false},"excerpt":{"rendered":"<p>Der Bischof der Evangelischen Kirche Berlin-Brandenburg-schlesische Oberlausitz sagte zu seinem Treffen mit den drei Somaliern: \u201eWenn ich ihre Lebensgeschichten h\u00f6re<\/p>\n","protected":false},"author":2,"featured_media":7657,"comment_status":"closed","ping_status":"closed","sticky":false,"template":"","format":"standard","meta":{"footnotes":""},"categories":[20],"tags":[],"_links":{"self":[{"href":"https:\/\/krankenhauspfarramt.de\/index.php\/wp-json\/wp\/v2\/posts\/8282"}],"collection":[{"href":"https:\/\/krankenhauspfarramt.de\/index.php\/wp-json\/wp\/v2\/posts"}],"about":[{"href":"https:\/\/krankenhauspfarramt.de\/index.php\/wp-json\/wp\/v2\/types\/post"}],"author":[{"embeddable":true,"href":"https:\/\/krankenhauspfarramt.de\/index.php\/wp-json\/wp\/v2\/users\/2"}],"replies":[{"embeddable":true,"href":"https:\/\/krankenhauspfarramt.de\/index.php\/wp-json\/wp\/v2\/comments?post=8282"}],"version-history":[{"count":1,"href":"https:\/\/krankenhauspfarramt.de\/index.php\/wp-json\/wp\/v2\/posts\/8282\/revisions"}],"predecessor-version":[{"id":8283,"href":"https:\/\/krankenhauspfarramt.de\/index.php\/wp-json\/wp\/v2\/posts\/8282\/revisions\/8283"}],"wp:featuredmedia":[{"embeddable":true,"href":"https:\/\/krankenhauspfarramt.de\/index.php\/wp-json\/wp\/v2\/media\/7657"}],"wp:attachment":[{"href":"https:\/\/krankenhauspfarramt.de\/index.php\/wp-json\/wp\/v2\/media?parent=8282"}],"wp:term":[{"taxonomy":"category","embeddable":true,"href":"https:\/\/krankenhauspfarramt.de\/index.php\/wp-json\/wp\/v2\/categories?post=8282"},{"taxonomy":"post_tag","embeddable":true,"href":"https:\/\/krankenhauspfarramt.de\/index.php\/wp-json\/wp\/v2\/tags?post=8282"}],"curies":[{"name":"wp","href":"https:\/\/api.w.org\/{rel}","templated":true}]}}