{"id":8287,"date":"2025-06-16T08:52:01","date_gmt":"2025-06-16T08:52:01","guid":{"rendered":"https:\/\/krankenhauspfarramt.de\/index.php\/2025\/06\/16\/adelheid-ruck-schroeder-als-westfaelische-praeses-eingefuehrt-ekd\/"},"modified":"2025-06-16T08:52:02","modified_gmt":"2025-06-16T08:52:02","slug":"adelheid-ruck-schroeder-als-westfaelische-praeses-eingefuehrt-ekd","status":"publish","type":"post","link":"https:\/\/krankenhauspfarramt.de\/index.php\/2025\/06\/16\/adelheid-ruck-schroeder-als-westfaelische-praeses-eingefuehrt-ekd\/","title":{"rendered":"Adelheid Ruck-Schr\u00f6der als westf\u00e4lische Pr\u00e4ses eingef\u00fchrt \u2013 EKD"},"content":{"rendered":"<p> <br \/>\n<\/p>\n<div id=\"\">\n<p>Ruck-Schr\u00f6der war im M\u00e4rz zur Nachfolgerin von Annette Kurschus gew\u00e4hlt worden, die im November 2023 als westf\u00e4lische Pr\u00e4ses und als Ratsvorsitzende der Evangelischen Kirche in Deutschland (EKD) zur\u00fcckgetreten war. Seither hatte der Theologische Vizepr\u00e4sident Ulf Schl\u00fcter die Pr\u00e4ses-Aufgaben kommissarisch \u00fcbernommen.<\/p>\n<p>In ihrer Antrittspredigt nannte Ruck-Schr\u00f6der die Kommunikation des Evangeliums als zentrale Aufgabe der Kirche. Um das Wichtige in den Blick zu r\u00fccken, k\u00f6nne es helfen, \u201evom Ende her\u201c zu denken und so den Blick zu weiten. Die Kirche m\u00fcsse Menschen zum Glauben ermutigen und mit Lust neue Formen erproben. Sexualisierter Gewalt gelte es \u201etransparent, strukturiert und professionell\u201c entgegenzutreten.<\/p>\n<p>Im Namen der nordrhein-westf\u00e4lischen Landesregierung gratulierte Bildungsministerin Dorothee Feller (CDU) Ruck-Schr\u00f6der, die bisher Regionalbisch\u00f6fin in der hannoverschen Landeskirche war, zu ihrer Amtseinf\u00fchrung. Angesichts einer Gegenwart voller Spannungen und Konflikte werde mehr denn je eine Kirche gebraucht, \u201edie klar und deutlich f\u00fcr Werte wie Mitmenschlichkeit, Respekt, Verantwortung und Vers\u00f6hnung eintritt\u201c, sagte Feller. Sie w\u00fcnschte Ruck-Schr\u00f6der Kraft und Zuversicht daf\u00fcr, dass die westf\u00e4lische Kirche auch weiterhin eine Quelle der Orientierung, des Trostes und der Ermutigung f\u00fcr die Menschen in Westfalen bleibe.<\/p>\n<p>Die EKD-Ratsvorsitzende Kirsten Fehrs hob Ruck-Schr\u00f6ders Klarheit, Leitungskompetenz, Zuversicht und Gestaltungswillen hervor, davon werde sie in ihrem neuen Amt viel ben\u00f6tigen. Der Bischof des katholischen Bistums Essen, Franz-Josef Overbeck, rief angesichts gro\u00dfer Herausforderungen zur Zusammenarbeit der gro\u00dfen Kirchen auf. \u201eGerade in einer Zeit, in der menschenverachtende Tendenzen, Konflikte und Krisen auch die Demokratie herausfordern, braucht es unsere vereinte Stimme\u201c, sagte der Ruhrbischof.<\/p>\n<p>Die in Baden-W\u00fcrttemberg aufgewachsene promovierte Theologin Ruck-Schr\u00f6der war zuletzt Regionalbisch\u00f6fin f\u00fcr den Sprengel Hildesheim-G\u00f6ttingen in der hannoverschen Landeskirche. Zuvor leitete sie sechs Jahre lang das Predigerseminar im Kloster Loccum bei Nienburg. Ruck-Schr\u00f6der ist verheiratet mit dem in G\u00f6ttingen lehrenden Theologieprofessor Bernd Schr\u00f6der und Mutter von zwei erwachsenen Kindern.<\/p>\n<p>Fehrs \u00e4u\u00dferte sich auch zur fr\u00fcheren Pr\u00e4ses Kurschus. Es blieben \u201eUnbearbeitetes, unausgesprochener Dank sowie lose F\u00e4den\u201c, sagte die EKD-Ratsvorsitzende zu ihrer Amtsvorg\u00e4ngerin. \u201eHoffen wir, sie werden irgendwann ihre Verkn\u00fcpfungen finden, diese F\u00e4den, dass es zum Guten kommt.\u201c Kurschus hatte ihre kirchlichen Leitungs\u00e4mter wegen mangelnder Transparenz im Zusammenhang mit einem mutma\u00dflichen Missbrauchsfall in ihrem Umfeld aufgegeben.<\/p>\n<\/div>\n","protected":false},"excerpt":{"rendered":"<p>Ruck-Schr\u00f6der war im M\u00e4rz zur Nachfolgerin von Annette Kurschus gew\u00e4hlt worden, die im November 2023 als westf\u00e4lische Pr\u00e4ses und als<\/p>\n","protected":false},"author":2,"featured_media":8288,"comment_status":"closed","ping_status":"closed","sticky":false,"template":"","format":"standard","meta":{"footnotes":""},"categories":[20],"tags":[],"_links":{"self":[{"href":"https:\/\/krankenhauspfarramt.de\/index.php\/wp-json\/wp\/v2\/posts\/8287"}],"collection":[{"href":"https:\/\/krankenhauspfarramt.de\/index.php\/wp-json\/wp\/v2\/posts"}],"about":[{"href":"https:\/\/krankenhauspfarramt.de\/index.php\/wp-json\/wp\/v2\/types\/post"}],"author":[{"embeddable":true,"href":"https:\/\/krankenhauspfarramt.de\/index.php\/wp-json\/wp\/v2\/users\/2"}],"replies":[{"embeddable":true,"href":"https:\/\/krankenhauspfarramt.de\/index.php\/wp-json\/wp\/v2\/comments?post=8287"}],"version-history":[{"count":1,"href":"https:\/\/krankenhauspfarramt.de\/index.php\/wp-json\/wp\/v2\/posts\/8287\/revisions"}],"predecessor-version":[{"id":8289,"href":"https:\/\/krankenhauspfarramt.de\/index.php\/wp-json\/wp\/v2\/posts\/8287\/revisions\/8289"}],"wp:featuredmedia":[{"embeddable":true,"href":"https:\/\/krankenhauspfarramt.de\/index.php\/wp-json\/wp\/v2\/media\/8288"}],"wp:attachment":[{"href":"https:\/\/krankenhauspfarramt.de\/index.php\/wp-json\/wp\/v2\/media?parent=8287"}],"wp:term":[{"taxonomy":"category","embeddable":true,"href":"https:\/\/krankenhauspfarramt.de\/index.php\/wp-json\/wp\/v2\/categories?post=8287"},{"taxonomy":"post_tag","embeddable":true,"href":"https:\/\/krankenhauspfarramt.de\/index.php\/wp-json\/wp\/v2\/tags?post=8287"}],"curies":[{"name":"wp","href":"https:\/\/api.w.org\/{rel}","templated":true}]}}