{"id":8290,"date":"2025-06-16T15:46:36","date_gmt":"2025-06-16T15:46:36","guid":{"rendered":"https:\/\/krankenhauspfarramt.de\/index.php\/2025\/06\/16\/vervielfaeltigen-von-liedern-liedtexten-und-noten-in-evangelischen-kirchengemeinden-ekd\/"},"modified":"2025-06-16T15:46:38","modified_gmt":"2025-06-16T15:46:38","slug":"vervielfaeltigen-von-liedern-liedtexten-und-noten-in-evangelischen-kirchengemeinden-ekd","status":"publish","type":"post","link":"https:\/\/krankenhauspfarramt.de\/index.php\/2025\/06\/16\/vervielfaeltigen-von-liedern-liedtexten-und-noten-in-evangelischen-kirchengemeinden-ekd\/","title":{"rendered":"Vervielf\u00e4ltigen von Liedern, Liedtexten und Noten in evangelischen Kirchengemeinden \u2013 EKD"},"content":{"rendered":"<p> <br \/>\n<\/p>\n<div id=\"\">\n<div class=\"article--meta article--meta__border clearfix\">\n<p>                                    <time datetime=\"03.06.2025 10:00\" class=\"article--time\">03.06.2025<\/time><\/p>\n<p>                                     <strong class=\"article--type primus--overline\">Pressemitteilung<\/strong><\/p>\n<picture class=\"article--source-image image\"><source srcset=\"https:\/\/www.ekd.de\/ekd_de\/ds_img\/assets\/20170622_ekd-Quellenlogo_141_rdax_423x118.png\"><!--<source srcset=\"\/ekd_de\/ds_img\/assets\/20170622_ekd-Quellenlogo_141_rdax_141x39.png 1x, \/ekd_de\/ds_img\/assets\/20170622_ekd-Quellenlogo_141_rdax_282x78.png 2x, https:\/\/www.ekd.de\/ekd_de\/ds_img\/assets\/20170622_ekd-Quellenlogo_141_rdax_423x118.png 3x\">--><\/p>\n<p>    <\/source><\/picture>\n<\/p><\/div>\n<h2 class=\"article--sub-headline primus--sub-headline\">VG Musikedition und EKD verl\u00e4ngern Pauschalvertrag<\/h2>\n<\/p><\/div>\n<div id=\"\">\n<p>Die VG Musikedition und die Evangelische Kirche in Deutschland (EKD) haben ihren Pauschalvertrag \u00fcber das Vervielf\u00e4ltigen von Liedern, Liedtexten und Noten bis zum 31.12.2032 verl\u00e4ngert. Die Vereinbarung erm\u00f6glicht es den evangelischen Gemeinden vor dem Hintergrund des \u201eKopierverbots\u201c gem. \u00a7 53 Abs. 4 UrhG, ohne gesonderte Genehmigung Vervielf\u00e4ltigungen in bestimmtem Umfang herzustellen und zu verwenden. Durch den Abschluss des Pauschalvertrages durch die EKD werden die Gemeinden von den Kosten f\u00fcr eigene Vertr\u00e4ge \u00fcber Vervielf\u00e4ltigungen von Noten und Liedtexten entlastet.<\/p>\n<p>Den Gemeinden ist es auf der Grundlage des Pauschalvertrages weiterhin m\u00f6glich, Vervielf\u00e4ltigungen (z.B. Fotokopien) f\u00fcr den Gemeindegesang (gemeinsamen Gesang) im<\/p>\n<p>Gottesdienst und in anderen Gemeindeveranstaltungen anzufertigen. Ebenfalls Bestandteil des Vertrages bleibt die Sichtbarmachung von Liedern und Liedtexten mittels Beamer sowie die Herstellung von kleineren Liedsammlungen mit max. acht Seiten zur einmaligen Verwendung in einer einzelnen Veranstaltung (z.B. Trauung oder Konfirmation).<\/p>\n<p>Die befristete Sondervereinbarung zur Einblendung von Liedern und Liedtexten beim Streaming von Gottesdiensten auf gemeindeeigenen Internetseiten l\u00e4uft zum Jahresende aus.<\/p>\n<p>Neu von der Vereinbarung umfasst ist ab 2026 die f\u00fcr die Dauer einer konkreten Veranstaltung und auf deren Teilnehmende beschr\u00e4nkte Zug\u00e4nglichmachung von Liedern und Liedtexten via QR-Code o.\u00e4.<\/p>\n<p>Christian Krau\u00df, Gesch\u00e4ftsf\u00fchrer der VG Musikedition und Henrike Schwerdtfeger, Justiziarin und f\u00fcr die Verhandlungen zust\u00e4ndige Referentin im Kirchenamt der EKD, dazu in einer gemeinsamen Stellungnahme: \u201eMit der langfristigen Verl\u00e4ngerung und Ausweitung des<\/p>\n<p>Pauschalvertrages wird gew\u00e4hrleistet, dass Urheber und Urheberinnen mit ihren Musikverlagen f\u00fcr die analogen und digitalen Vervielf\u00e4ltigungen, die zum Gemeindegesang innerhalb der EKD erfolgen, weiterhin angemessen verg\u00fctet werden. Gleichzeitig werden die evangelischen Gemeinden auch zuk\u00fcnftig zum einen finanziell, zum anderen von B\u00fcrokratie entlastet, da die Vervielf\u00e4ltigungen ohne zus\u00e4tzlichen Verwaltungsaufwand und regelm\u00e4\u00dfige Meldepflichten erstellt werden k\u00f6nnen.\u201c<\/p>\n<p>Nicht Bestandteil des Vertrages ist &#8211; wie bisher &#8211; die Herstellung von Kopien und anderen\u00a0Vervielf\u00e4ltigungen f\u00fcr Ch\u00f6re, Solisten und Instrumentalisten. Ebenfalls gesondert zu lizenzieren sind unter anderem Sammlungen im Rahmen von \u00a7 46 UrhG, Vervielf\u00e4ltigungen bspw. in Kinderbetreuungseinrichtungen, Seniorenheimen oder zu musikp\u00e4dagogischen Zwecken. F\u00fcr\u00a0die nicht \u00fcber den Pauschalvertrag abgegoltenen Lizenzierungen erhalten die Berechtigten einen gesamtvertraglich vereinbarten Nachlass.<\/p>\n<p>Weitere Informationen zu nicht vom Pauschalvertrag abgedeckten melde- und verg\u00fctungspflichtigen Nutzungen, auch zu den M\u00f6glichkeiten des Streamings von Noten und Liedtexten, sowie zum Antragsformular (Meldebogen) f\u00fcr eine Lizenz erhalten Sie bei der VG Musikedition (fki@vg-musikedition.de).<\/p>\n<p>Hintergrund:<\/p>\n<p>Die VG Musikedition nimmt als treuh\u00e4nderisch t\u00e4tige Verwertungsgesellschaft unter anderem zahlreiche grafische Vervielf\u00e4ltigungsrechte, Abdruckrechte, gesetzliche Verg\u00fctungsanspr\u00fcche sowie die Rechte an Wissenschaftlichen Ausgaben und Erstausgaben f\u00fcr Musikverlage,<\/p>\n<p>Komponisten, Textdichter und musikwissenschaftliche Herausgeber wahr. Die EKD ist der Zusammenschluss der 20 evangelischen Gliedkirchen. Insgesamt geh\u00f6ren 20,7 Millionen Menschen in rund 13.500 Gemeinden einer Landeskirche der EKD an.<\/p>\n<\/div>\n","protected":false},"excerpt":{"rendered":"<p>03.06.2025 Pressemitteilung VG Musikedition und EKD verl\u00e4ngern Pauschalvertrag Die VG Musikedition und die Evangelische Kirche in Deutschland (EKD) haben ihren<\/p>\n","protected":false},"author":2,"featured_media":8291,"comment_status":"closed","ping_status":"closed","sticky":false,"template":"","format":"standard","meta":{"footnotes":""},"categories":[20],"tags":[],"_links":{"self":[{"href":"https:\/\/krankenhauspfarramt.de\/index.php\/wp-json\/wp\/v2\/posts\/8290"}],"collection":[{"href":"https:\/\/krankenhauspfarramt.de\/index.php\/wp-json\/wp\/v2\/posts"}],"about":[{"href":"https:\/\/krankenhauspfarramt.de\/index.php\/wp-json\/wp\/v2\/types\/post"}],"author":[{"embeddable":true,"href":"https:\/\/krankenhauspfarramt.de\/index.php\/wp-json\/wp\/v2\/users\/2"}],"replies":[{"embeddable":true,"href":"https:\/\/krankenhauspfarramt.de\/index.php\/wp-json\/wp\/v2\/comments?post=8290"}],"version-history":[{"count":1,"href":"https:\/\/krankenhauspfarramt.de\/index.php\/wp-json\/wp\/v2\/posts\/8290\/revisions"}],"predecessor-version":[{"id":8292,"href":"https:\/\/krankenhauspfarramt.de\/index.php\/wp-json\/wp\/v2\/posts\/8290\/revisions\/8292"}],"wp:featuredmedia":[{"embeddable":true,"href":"https:\/\/krankenhauspfarramt.de\/index.php\/wp-json\/wp\/v2\/media\/8291"}],"wp:attachment":[{"href":"https:\/\/krankenhauspfarramt.de\/index.php\/wp-json\/wp\/v2\/media?parent=8290"}],"wp:term":[{"taxonomy":"category","embeddable":true,"href":"https:\/\/krankenhauspfarramt.de\/index.php\/wp-json\/wp\/v2\/categories?post=8290"},{"taxonomy":"post_tag","embeddable":true,"href":"https:\/\/krankenhauspfarramt.de\/index.php\/wp-json\/wp\/v2\/tags?post=8290"}],"curies":[{"name":"wp","href":"https:\/\/api.w.org\/{rel}","templated":true}]}}