{"id":8293,"date":"2025-06-16T16:29:01","date_gmt":"2025-06-16T16:29:01","guid":{"rendered":"https:\/\/krankenhauspfarramt.de\/index.php\/2025\/06\/16\/eigene-informierte-und-aktive-entscheidung-zwingend-ekd\/"},"modified":"2025-06-16T16:29:03","modified_gmt":"2025-06-16T16:29:03","slug":"eigene-informierte-und-aktive-entscheidung-zwingend-ekd","status":"publish","type":"post","link":"https:\/\/krankenhauspfarramt.de\/index.php\/2025\/06\/16\/eigene-informierte-und-aktive-entscheidung-zwingend-ekd\/","title":{"rendered":"\u201eEigene, informierte und aktive Entscheidung zwingend\u201c \u2013 EKD"},"content":{"rendered":"<p> <br \/>\n<\/p>\n<div id=\"\">\n        <!-- RSPEAK_START --><\/p>\n<header class=\"large-10 columns article--header\">\n<div class=\"article--meta article--meta__border clearfix\">\n<p>                                    <time datetime=\"27.01.2025 16:00\" class=\"article--time\">27.01.2025<\/time><\/p>\n<p>                                    <strong class=\"article--type primus--overline\">Artikel<\/strong><\/p>\n<picture class=\"article--source-image image\"><source srcset=\"https:\/\/www.ekd.de\/ekd_de\/ds_img\/assets\/20170622_ekd-Quellenlogo_141_rdax_423x118.png\"><!--<source srcset=\"\/ekd_de\/ds_img\/assets\/20170622_ekd-Quellenlogo_141_rdax_141x39.png 1x, \/ekd_de\/ds_img\/assets\/20170622_ekd-Quellenlogo_141_rdax_282x78.png 2x, https:\/\/www.ekd.de\/ekd_de\/ds_img\/assets\/20170622_ekd-Quellenlogo_141_rdax_423x118.png 3x\">--><\/p>\n<p>    <\/source><\/picture>\n<\/p><\/div>\n<h2 class=\"article--sub-headline primus--sub-headline\">\u00d6kumenische Stellungnahme zur \u00c4nderung des Transplantationsgesetzes (Organspende)<\/h2>\n<\/header>\n<div class=\"large-8 columns large-offset-1 \">\n<p>Die beiden Kirchen lehnen die Einf\u00fchrung einer Widerspruchsl\u00f6sung bei der Organspende ab. W\u00e4hrend sie die Organspende selbst bef\u00fcrworten und hoffen, dass sich viele Christinnen und Christen daf\u00fcr entscheiden, diesen \u00fcber den eigenen Tod hinauswirkenden Akt der N\u00e4chstenliebe zu vollziehen, halten sie die eigene, informierte und aktive Entscheidung f\u00fcr zwingend. Die blo\u00df gesetzlich festgelegte, pauschale Annahme, dass jeder Mensch, der keinen Widerspruch zur Organentnahme hinterlegt hat, als Organspender zur Verf\u00fcgung stehen m\u00f6chte, wird einem so gravierenden Eingriff in das postmortale Pers\u00f6nlichkeitsrecht und die k\u00f6rperliche Unversehrtheit nicht gerecht. Eine Widerspruchsl\u00f6sung allein hat auch im internationalen Vergleich zu keiner besseren Spenderate gef\u00fchrt. Wo Staaten erfolgreich darin sind, die grunds\u00e4tzlich hohe Zustimmungsrate in der Bev\u00f6lkerung in tats\u00e4chliche Spendenzahlen zu \u00fcberf\u00fchren, waren es vielmehr grundlegende Verbesserungen im Gesundheitssystem, die diesen Erfolg begr\u00fcndeten. Hier steht Deutschland noch am Anfang der Umsetzung bereits beschlossener Ma\u00dfnahmen. Diese sollten zun\u00e4chst konsequent weiterverfolgt und die Effizienz des Systems und das Vertrauen in das System gest\u00e4rkt werden.<\/p>\n<\/p><\/div>\n<section class=\"large-8 large-offset-1 columns article-section\">\n<\/section>\n<p>        <!-- RSPEAK_STOP --><\/p>\n<footer class=\"article--footer\">\n<\/footer><\/div>\n","protected":false},"excerpt":{"rendered":"<p>27.01.2025 Artikel \u00d6kumenische Stellungnahme zur \u00c4nderung des Transplantationsgesetzes (Organspende) Die beiden Kirchen lehnen die Einf\u00fchrung einer Widerspruchsl\u00f6sung bei der Organspende<\/p>\n","protected":false},"author":2,"featured_media":8294,"comment_status":"closed","ping_status":"closed","sticky":false,"template":"","format":"standard","meta":{"footnotes":""},"categories":[20],"tags":[],"_links":{"self":[{"href":"https:\/\/krankenhauspfarramt.de\/index.php\/wp-json\/wp\/v2\/posts\/8293"}],"collection":[{"href":"https:\/\/krankenhauspfarramt.de\/index.php\/wp-json\/wp\/v2\/posts"}],"about":[{"href":"https:\/\/krankenhauspfarramt.de\/index.php\/wp-json\/wp\/v2\/types\/post"}],"author":[{"embeddable":true,"href":"https:\/\/krankenhauspfarramt.de\/index.php\/wp-json\/wp\/v2\/users\/2"}],"replies":[{"embeddable":true,"href":"https:\/\/krankenhauspfarramt.de\/index.php\/wp-json\/wp\/v2\/comments?post=8293"}],"version-history":[{"count":1,"href":"https:\/\/krankenhauspfarramt.de\/index.php\/wp-json\/wp\/v2\/posts\/8293\/revisions"}],"predecessor-version":[{"id":8295,"href":"https:\/\/krankenhauspfarramt.de\/index.php\/wp-json\/wp\/v2\/posts\/8293\/revisions\/8295"}],"wp:featuredmedia":[{"embeddable":true,"href":"https:\/\/krankenhauspfarramt.de\/index.php\/wp-json\/wp\/v2\/media\/8294"}],"wp:attachment":[{"href":"https:\/\/krankenhauspfarramt.de\/index.php\/wp-json\/wp\/v2\/media?parent=8293"}],"wp:term":[{"taxonomy":"category","embeddable":true,"href":"https:\/\/krankenhauspfarramt.de\/index.php\/wp-json\/wp\/v2\/categories?post=8293"},{"taxonomy":"post_tag","embeddable":true,"href":"https:\/\/krankenhauspfarramt.de\/index.php\/wp-json\/wp\/v2\/tags?post=8293"}],"curies":[{"name":"wp","href":"https:\/\/api.w.org\/{rel}","templated":true}]}}