{"id":8299,"date":"2025-06-17T09:05:27","date_gmt":"2025-06-17T09:05:27","guid":{"rendered":"https:\/\/krankenhauspfarramt.de\/index.php\/2025\/06\/17\/ekd-ratsvorsitzende-fehrs-betont-recht-auf-verteidigung-ekd\/"},"modified":"2025-06-17T09:05:28","modified_gmt":"2025-06-17T09:05:28","slug":"ekd-ratsvorsitzende-fehrs-betont-recht-auf-verteidigung-ekd","status":"publish","type":"post","link":"https:\/\/krankenhauspfarramt.de\/index.php\/2025\/06\/17\/ekd-ratsvorsitzende-fehrs-betont-recht-auf-verteidigung-ekd\/","title":{"rendered":"EKD-Ratsvorsitzende Fehrs betont Recht auf Verteidigung \u2013 EKD"},"content":{"rendered":"<p> <br \/>\n<\/p>\n<div>\n<p>Potsdam (epd). Die Ratsvorsitzende der Evangelischen Kirche in Deutschland (EKD), Bisch\u00f6fin Kirsten Fehrs, hat zu gewaltfreien Konfliktl\u00f6sungen aufgerufen und zugleich das Recht auf milit\u00e4rische Verteidigung betont. Die Priorit\u00e4t aller gewaltfreien L\u00f6sungen sei ihr \u201efriedensethisch nach wie vor sehr wichtig\u201c, erkl\u00e4rte sie am Montag anl\u00e4sslich eines Dialogforums im neuen Potsdamer Garnisonkirchturm. Es zeige sich jedoch derzeit, dass ohne die M\u00f6glichkeit zur Verteidigung von Leib und Leben, \u201enotgedrungen eben auch durch Waffengewalt\u201c, kein dauerhafter, verl\u00e4sslicher und gerechter Frieden in Sicht sei.<\/p>\n<\/p><\/div>\n<div id=\"\">\n<p>Mit Blick auf den russischen Angriffskrieg gegen die Ukraine betonte die EKD-Ratsvorsitzende, es d\u00fcrfe nicht ignoriert werden, dass Europa es \u201emit einem v\u00f6lkerrechtswidrig Krieg f\u00fchrenden Aggressor zu tun\u201c habe, \u201eder \u00fcber Leichen geht und auch nicht z\u00f6gert, mit dem Einsatz nuklearer Waffen zu drohen\u201c. Die daraus resultierende Frage nach Abschreckung stelle die Friedensethik vor ein ernstes Dilemma. Eine Anpassung friedensethischer Positionen sei angesichts der aktuellen Bedrohungslage notwendig. In der EKD arbeite derzeit eine vom Rat eingesetzte Gruppe an einem Grundlagentext zur evangelischen Friedensethik, hie\u00df es.<\/p>\n<p>Der EKD-Friedensbeauftragte Friedrich Kramer betonte, \u00fcber allem m\u00fcsse die Haltung stehen, sich wehren zu k\u00f6nnen, aber nicht anzugreifen. Der fr\u00fchere Wehrbeauftragte des Bundestags, Hans-Peter Bartels (SPD), erkl\u00e4rte, nur eine wirksame Abschreckung garantiere Sicherheit. Auf Deutschland komme es dabei in Europa wegen der Wirtschaftskraft und Gr\u00f6\u00dfe besonders an.<\/p>\n<\/div>\n","protected":false},"excerpt":{"rendered":"<p>Potsdam (epd). Die Ratsvorsitzende der Evangelischen Kirche in Deutschland (EKD), Bisch\u00f6fin Kirsten Fehrs, hat zu gewaltfreien Konfliktl\u00f6sungen aufgerufen und zugleich<\/p>\n","protected":false},"author":2,"featured_media":7845,"comment_status":"closed","ping_status":"closed","sticky":false,"template":"","format":"standard","meta":{"footnotes":""},"categories":[20],"tags":[],"_links":{"self":[{"href":"https:\/\/krankenhauspfarramt.de\/index.php\/wp-json\/wp\/v2\/posts\/8299"}],"collection":[{"href":"https:\/\/krankenhauspfarramt.de\/index.php\/wp-json\/wp\/v2\/posts"}],"about":[{"href":"https:\/\/krankenhauspfarramt.de\/index.php\/wp-json\/wp\/v2\/types\/post"}],"author":[{"embeddable":true,"href":"https:\/\/krankenhauspfarramt.de\/index.php\/wp-json\/wp\/v2\/users\/2"}],"replies":[{"embeddable":true,"href":"https:\/\/krankenhauspfarramt.de\/index.php\/wp-json\/wp\/v2\/comments?post=8299"}],"version-history":[{"count":1,"href":"https:\/\/krankenhauspfarramt.de\/index.php\/wp-json\/wp\/v2\/posts\/8299\/revisions"}],"predecessor-version":[{"id":8300,"href":"https:\/\/krankenhauspfarramt.de\/index.php\/wp-json\/wp\/v2\/posts\/8299\/revisions\/8300"}],"wp:featuredmedia":[{"embeddable":true,"href":"https:\/\/krankenhauspfarramt.de\/index.php\/wp-json\/wp\/v2\/media\/7845"}],"wp:attachment":[{"href":"https:\/\/krankenhauspfarramt.de\/index.php\/wp-json\/wp\/v2\/media?parent=8299"}],"wp:term":[{"taxonomy":"category","embeddable":true,"href":"https:\/\/krankenhauspfarramt.de\/index.php\/wp-json\/wp\/v2\/categories?post=8299"},{"taxonomy":"post_tag","embeddable":true,"href":"https:\/\/krankenhauspfarramt.de\/index.php\/wp-json\/wp\/v2\/tags?post=8299"}],"curies":[{"name":"wp","href":"https:\/\/api.w.org\/{rel}","templated":true}]}}