{"id":8301,"date":"2025-06-18T09:21:52","date_gmt":"2025-06-18T09:21:52","guid":{"rendered":"https:\/\/krankenhauspfarramt.de\/index.php\/2025\/06\/18\/staaten-tun-zu-wenig-fuer-den-frieden-ekd\/"},"modified":"2025-06-18T09:21:53","modified_gmt":"2025-06-18T09:21:53","slug":"staaten-tun-zu-wenig-fuer-den-frieden-ekd","status":"publish","type":"post","link":"https:\/\/krankenhauspfarramt.de\/index.php\/2025\/06\/18\/staaten-tun-zu-wenig-fuer-den-frieden-ekd\/","title":{"rendered":"Staaten tun zu wenig f\u00fcr den Frieden \u2013 EKD"},"content":{"rendered":"<p> <br \/>\n<\/p>\n<div>\n<p>Frankfurt a.M.\/Addis Abeba (epd). Der Lutherische Weltbund (LWB) hat zum Abschluss seiner Sitzung in \u00c4thiopiens Hauptstadt Addis Abeba die Staatengemeinschaft aufgerufen, sich st\u00e4rker f\u00fcr Frieden im Nahen Osten und in der Ukraine einzusetzen. Der Rat des LWB forderte den vollst\u00e4ndigen Abzug der israelischen Streitkr\u00e4fte aus Gaza. Zugleich dr\u00e4nge der Rat auf die sofortige Freilassung der von der Hamas festgehaltenen israelischen Geiseln und der von Israel festgehaltenen pal\u00e4stinensischen Gefangenen ohne Anklage, teilte der Weltbund am Dienstag mit.<\/p>\n<\/p><\/div>\n<div id=\"\">\n<p>In einer Stellungnahme zum Ukraine-Konflikt bedauerte der LWB-Rat, dass der Krieg ohne Anzeichen eines Endes weitergehe. Man sei besonders beunruhigt \u00fcber den immensen Verlust an Menschenleben. Der Rat bekr\u00e4ftigte seine Ablehnung der Verwendung des Wortes \u201eheilig\u201c durch die Russische Orthodoxe Kirche zur Rechtfertigung des Krieges gegen die Ukraine. Der Krieg habe globale Auswirkungen, darunter eine Normalisierung der Aggression.<\/p>\n<p>Die Ratstagung fand vom 12. bis 16. Juni in der \u00e4thiopischen Hauptstadt statt. Der Rat hatte dabei beschlossen, dass die 14. LWB-Vollversammlung im Jahr 2030 in Augsburg stattfinden wird. Dann wird das 500. Jubil\u00e4um des Augsburger Bekenntnisses gefeiert. Die \u201eConfessio Augustana\u201c ist ein grundlegendes Bekenntnis der Lutheraner zu ihrem Glauben und markiert einen Meilenstein der Reformationsgeschichte.<\/p>\n<\/div>\n<div id=\"\">\n    <!-- Test for teaser --><br \/>\n    <!--Val: 1 --><\/p>\n<p>                    \t    <!-- SRC:  --><\/p>\n<aside class=\"article--aside quintus teaser teaser__related rs_skip rs_preserve\">\n<div class=\"teaser--article teaser--content\">\n<figure class=\"teaser--image\">\n                                                    <picture><source media=\"(max-width:935px)\" srcset=\"https:\/\/www.ekd.de\/ekd_de\/ds_img\/assets_1875_x\/20190101_Jahreslosung_EKD_1875_rdax_625x352_60p.jpg 1x, https:\/\/www.ekd.de\/ekd_de\/ds_img\/assets_1875_x\/20190101_Jahreslosung_EKD_1875_rdax_1250x704_60p.jpg 2x, https:\/\/www.ekd.de\/ekd_de\/ds_img\/assets_1875_x\/20190101_Jahreslosung_EKD_1875_rdax_60p.jpg 3x\"><source media=\"(min-width:934px)\" srcset=\"https:\/\/www.ekd.de\/ekd_de\/ds_img\/assets_1875_x\/20190101_Jahreslosung_EKD_1875_rdax_360x203_70p.jpg 1x, https:\/\/www.ekd.de\/ekd_de\/ds_img\/assets_1875_x\/20190101_Jahreslosung_EKD_1875_rdax_720x406_70p.jpg 2x, https:\/\/www.ekd.de\/ekd_de\/ds_img\/assets_1875_x\/20190101_Jahreslosung_EKD_1875_rdax_1080x608_70p.jpg 3x\"><\/source><\/source><\/picture><figcaption\/>\n                                                <\/figure>\n<p class=\"quintus--text teaser--text\">Auf dieser Seite finden Sie Impulse zur (kirchlichen) Friedensarbeit, Gedanken zu Bibeltexten, kurze Videos von Menschen, die sich f\u00fcr den Frieden engagieren, Links zu Projekten und Organisationen der Friedensarbeit und Vieles mehr.<\/p>\n<\/p><\/div>\n<\/aside>\n<div class=\"article--content\">\n<p>Der 1947 gegr\u00fcndete Lutherische Weltbund z\u00e4hlt nach eigenen Angaben 150 Mitgliedskirchen, denen rund 78 Millionen Christen in 99 L\u00e4ndern weltweit angeh\u00f6ren.<\/p>\n<\/p><\/div>\n<\/div>\n","protected":false},"excerpt":{"rendered":"<p>Frankfurt a.M.\/Addis Abeba (epd). Der Lutherische Weltbund (LWB) hat zum Abschluss seiner Sitzung in \u00c4thiopiens Hauptstadt Addis Abeba die Staatengemeinschaft<\/p>\n","protected":false},"author":2,"featured_media":8302,"comment_status":"closed","ping_status":"closed","sticky":false,"template":"","format":"standard","meta":{"footnotes":""},"categories":[20],"tags":[],"_links":{"self":[{"href":"https:\/\/krankenhauspfarramt.de\/index.php\/wp-json\/wp\/v2\/posts\/8301"}],"collection":[{"href":"https:\/\/krankenhauspfarramt.de\/index.php\/wp-json\/wp\/v2\/posts"}],"about":[{"href":"https:\/\/krankenhauspfarramt.de\/index.php\/wp-json\/wp\/v2\/types\/post"}],"author":[{"embeddable":true,"href":"https:\/\/krankenhauspfarramt.de\/index.php\/wp-json\/wp\/v2\/users\/2"}],"replies":[{"embeddable":true,"href":"https:\/\/krankenhauspfarramt.de\/index.php\/wp-json\/wp\/v2\/comments?post=8301"}],"version-history":[{"count":1,"href":"https:\/\/krankenhauspfarramt.de\/index.php\/wp-json\/wp\/v2\/posts\/8301\/revisions"}],"predecessor-version":[{"id":8303,"href":"https:\/\/krankenhauspfarramt.de\/index.php\/wp-json\/wp\/v2\/posts\/8301\/revisions\/8303"}],"wp:featuredmedia":[{"embeddable":true,"href":"https:\/\/krankenhauspfarramt.de\/index.php\/wp-json\/wp\/v2\/media\/8302"}],"wp:attachment":[{"href":"https:\/\/krankenhauspfarramt.de\/index.php\/wp-json\/wp\/v2\/media?parent=8301"}],"wp:term":[{"taxonomy":"category","embeddable":true,"href":"https:\/\/krankenhauspfarramt.de\/index.php\/wp-json\/wp\/v2\/categories?post=8301"},{"taxonomy":"post_tag","embeddable":true,"href":"https:\/\/krankenhauspfarramt.de\/index.php\/wp-json\/wp\/v2\/tags?post=8301"}],"curies":[{"name":"wp","href":"https:\/\/api.w.org\/{rel}","templated":true}]}}