{"id":8307,"date":"2025-06-18T17:24:37","date_gmt":"2025-06-18T17:24:37","guid":{"rendered":"https:\/\/krankenhauspfarramt.de\/index.php\/2025\/06\/18\/einsatz-von-microsoft-copilot-in-der-landeskirchlichen-praxis-ekd\/"},"modified":"2025-06-18T17:24:38","modified_gmt":"2025-06-18T17:24:38","slug":"einsatz-von-microsoft-copilot-in-der-landeskirchlichen-praxis-ekd","status":"publish","type":"post","link":"https:\/\/krankenhauspfarramt.de\/index.php\/2025\/06\/18\/einsatz-von-microsoft-copilot-in-der-landeskirchlichen-praxis-ekd\/","title":{"rendered":"Einsatz von Microsoft Copilot in der landeskirchlichen Praxis \u2013 EKD"},"content":{"rendered":"<p> <br \/>\n<\/p>\n<div>\n<p><span style=\"line-height:107%\">Mit dem Projekt <em>KI und Kirche<\/em> erprobt die Evangelische Landeskirche in W\u00fcrttemberg systematisch, wie generative KI im kirchlichen Alltag sinnvoll eingesetzt werden kann. 50 Mitarbeitende aus unterschiedlichen Bereichen \u2013 von Kirchengemeinden \u00fcber Verwaltungszentren bis zum Oberkirchenrat \u2013 erhalten ein Jahr lang Zugriff auf Microsoft Copilot. Ziel ist es, Potenziale f\u00fcr Effizienzsteigerung, Entlastung und neue Arbeitsroutinen in der Fl\u00e4che zu identifizieren.<\/span><\/p>\n<\/p><\/div>\n<div id=\"\">\n<p>Die Teilnehmenden dokumentieren im Rahmen ihrer regul\u00e4ren Arbeit konkrete Anwendungsf\u00e4lle (\u201eUse Cases\u201c) f\u00fcr KI, etwa in der Textproduktion, Datenanalyse oder Organisation. Begleitend finden Schulungen, Sprechstunden und ein technischer Support statt. Die Auswertung liefert Erkenntnisse zum Unterst\u00fctzungsbedarf, zur Akzeptanz und zur strategischen Weiterentwicklung.<\/p>\n<p>Das Projekt dient nicht nur der Erprobung, sondern auch als Grundlage f\u00fcr eine m\u00f6gliche langfristige Einf\u00fchrung von KI-Werkzeugen in der Landeskirche. Die Ergebnisse sollen in Form von Use Cases und Handlungsempfehlungen auch anderen Gliedkirchen zur Verf\u00fcgung gestellt werden.<\/p>\n<p>Gef\u00f6rdert wird das Projekt mit 31.500 Euro aus dem Digitalinnovationsfonds.<\/p>\n<\/div>\n","protected":false},"excerpt":{"rendered":"<p>Mit dem Projekt KI und Kirche erprobt die Evangelische Landeskirche in W\u00fcrttemberg systematisch, wie generative KI im kirchlichen Alltag sinnvoll<\/p>\n","protected":false},"author":2,"featured_media":8308,"comment_status":"closed","ping_status":"closed","sticky":false,"template":"","format":"standard","meta":{"footnotes":""},"categories":[20],"tags":[],"_links":{"self":[{"href":"https:\/\/krankenhauspfarramt.de\/index.php\/wp-json\/wp\/v2\/posts\/8307"}],"collection":[{"href":"https:\/\/krankenhauspfarramt.de\/index.php\/wp-json\/wp\/v2\/posts"}],"about":[{"href":"https:\/\/krankenhauspfarramt.de\/index.php\/wp-json\/wp\/v2\/types\/post"}],"author":[{"embeddable":true,"href":"https:\/\/krankenhauspfarramt.de\/index.php\/wp-json\/wp\/v2\/users\/2"}],"replies":[{"embeddable":true,"href":"https:\/\/krankenhauspfarramt.de\/index.php\/wp-json\/wp\/v2\/comments?post=8307"}],"version-history":[{"count":1,"href":"https:\/\/krankenhauspfarramt.de\/index.php\/wp-json\/wp\/v2\/posts\/8307\/revisions"}],"predecessor-version":[{"id":8309,"href":"https:\/\/krankenhauspfarramt.de\/index.php\/wp-json\/wp\/v2\/posts\/8307\/revisions\/8309"}],"wp:featuredmedia":[{"embeddable":true,"href":"https:\/\/krankenhauspfarramt.de\/index.php\/wp-json\/wp\/v2\/media\/8308"}],"wp:attachment":[{"href":"https:\/\/krankenhauspfarramt.de\/index.php\/wp-json\/wp\/v2\/media?parent=8307"}],"wp:term":[{"taxonomy":"category","embeddable":true,"href":"https:\/\/krankenhauspfarramt.de\/index.php\/wp-json\/wp\/v2\/categories?post=8307"},{"taxonomy":"post_tag","embeddable":true,"href":"https:\/\/krankenhauspfarramt.de\/index.php\/wp-json\/wp\/v2\/tags?post=8307"}],"curies":[{"name":"wp","href":"https:\/\/api.w.org\/{rel}","templated":true}]}}