{"id":8316,"date":"2025-06-19T05:30:34","date_gmt":"2025-06-19T05:30:34","guid":{"rendered":"https:\/\/krankenhauspfarramt.de\/index.php\/2025\/06\/19\/menschen-sind-erschoepft-ekd\/"},"modified":"2025-06-19T05:30:35","modified_gmt":"2025-06-19T05:30:35","slug":"menschen-sind-erschoepft-ekd","status":"publish","type":"post","link":"https:\/\/krankenhauspfarramt.de\/index.php\/2025\/06\/19\/menschen-sind-erschoepft-ekd\/","title":{"rendered":"Menschen sind ersch\u00f6pft \u2013 EKD"},"content":{"rendered":"<p> <br \/>\n<\/p>\n<div>\n<p>Nach den j\u00fcngsten iranischen Angriffen spricht der evangelische Propst in Jerusalem, Joachim Lenz, von einer dramatisch versch\u00e4rften Sicherheitslage in Israel und schildert eine tiefe Ersch\u00f6pfung und Angst unter den Menschen. \u201eWir dachten, es k\u00f6nne nicht mehr schlimmer kommen &#8211; aber es kam schlimmer\u201c, sagte der Vertreter der Evangelischen Kirche in Deutschland (EKD) im Heiligen Land dem Internetportal \u201eevangelisch.de\u201c: \u201eMenschen in meiner Gemeinde sind m\u00fcde.\u201c<\/p>\n<\/p><\/div>\n<div id=\"\">\n<p>Frankfurt a.M.\/Jerusalem (epd). Nach den j\u00fcngsten iranischen Angriffen spricht der evangelische Propst in Jerusalem, Joachim Lenz, von einer dramatisch versch\u00e4rften Sicherheitslage in Israel und schildert eine tiefe Ersch\u00f6pfung und Angst unter den Menschen. \u201eWir dachten, es k\u00f6nne nicht mehr schlimmer kommen &#8211; aber es kam schlimmer\u201c, sagte der Vertreter der Evangelischen Kirche in Deutschland (EKD) im Heiligen Land dem Internetportal \u201eevangelisch.de\u201c: \u201eMenschen in meiner Gemeinde sind m\u00fcde.\u201c<\/p>\n<p>Lenz sagte: \u201eNach anderthalb Kriegsjahren seit dem Terror am 7. Oktober hatten wir gedacht, dass die Gewalt irgendwann weniger wird. Nun gehen wir nachts in die Schutzr\u00e4ume, wenn iranische Raketen fliegen; die Bundesregierung organisiert Evakuierungsfl\u00fcge f\u00fcr Bundesb\u00fcrger \u00fcber Jordanien.\u201c Jerusalem selbst werde nicht angegriffen, in Tel Aviv oder Haifa sehe das ganz anders aus, \u201enat\u00fcrlich auch in Teheran\u201c, sagte Lenz in dem am Mittwoch ver\u00f6ffentlichten Interview.<\/p>\n<p>Die angespannte politische Situation wirke sich auch auf das Leben der christlichen Gemeinden in Israel und Pal\u00e4stina aus. \u201eSeitdem die Bomber und Raketen fliegen, herrscht Ausnahmezustand: Schulen und Gesch\u00e4fte sind geschlossen, auch Gemeindeveranstaltungen sind untersagt. Das betrifft auch Gottesdienste, egal ob j\u00fcdisch, muslimisch oder christlich.\u201c Seine Gemeinde komme per Zoom zusammen.<\/p>\n<p>Christen aus Deutschland seien in Israel in einer doppelten Minderheitenposition, f\u00fcgte Lenz hinzu: \u201eAls Kirchen sollten wir vorsichtig beim Urteilen sein und den Partnerinnen und Partnern gut zuh\u00f6ren, die wir in Israel und bei den pal\u00e4stinensischen Kirchen haben.\u201c Leid und Aussichtslosigkeit seien auf beiden Seiten \u201eunfassbar tief, Israelis wie Pal\u00e4stinenser f\u00fchlen sich von der ganzen Welt verlassen &#8211; und auch das wird nicht besser, sondern immer schlimmer\u201c.<\/p>\n<\/div>\n","protected":false},"excerpt":{"rendered":"<p>Nach den j\u00fcngsten iranischen Angriffen spricht der evangelische Propst in Jerusalem, Joachim Lenz, von einer dramatisch versch\u00e4rften Sicherheitslage in Israel<\/p>\n","protected":false},"author":2,"featured_media":8317,"comment_status":"closed","ping_status":"closed","sticky":false,"template":"","format":"standard","meta":{"footnotes":""},"categories":[20],"tags":[],"_links":{"self":[{"href":"https:\/\/krankenhauspfarramt.de\/index.php\/wp-json\/wp\/v2\/posts\/8316"}],"collection":[{"href":"https:\/\/krankenhauspfarramt.de\/index.php\/wp-json\/wp\/v2\/posts"}],"about":[{"href":"https:\/\/krankenhauspfarramt.de\/index.php\/wp-json\/wp\/v2\/types\/post"}],"author":[{"embeddable":true,"href":"https:\/\/krankenhauspfarramt.de\/index.php\/wp-json\/wp\/v2\/users\/2"}],"replies":[{"embeddable":true,"href":"https:\/\/krankenhauspfarramt.de\/index.php\/wp-json\/wp\/v2\/comments?post=8316"}],"version-history":[{"count":1,"href":"https:\/\/krankenhauspfarramt.de\/index.php\/wp-json\/wp\/v2\/posts\/8316\/revisions"}],"predecessor-version":[{"id":8318,"href":"https:\/\/krankenhauspfarramt.de\/index.php\/wp-json\/wp\/v2\/posts\/8316\/revisions\/8318"}],"wp:featuredmedia":[{"embeddable":true,"href":"https:\/\/krankenhauspfarramt.de\/index.php\/wp-json\/wp\/v2\/media\/8317"}],"wp:attachment":[{"href":"https:\/\/krankenhauspfarramt.de\/index.php\/wp-json\/wp\/v2\/media?parent=8316"}],"wp:term":[{"taxonomy":"category","embeddable":true,"href":"https:\/\/krankenhauspfarramt.de\/index.php\/wp-json\/wp\/v2\/categories?post=8316"},{"taxonomy":"post_tag","embeddable":true,"href":"https:\/\/krankenhauspfarramt.de\/index.php\/wp-json\/wp\/v2\/tags?post=8316"}],"curies":[{"name":"wp","href":"https:\/\/api.w.org\/{rel}","templated":true}]}}