{"id":8319,"date":"2025-06-19T16:32:37","date_gmt":"2025-06-19T16:32:37","guid":{"rendered":"https:\/\/krankenhauspfarramt.de\/index.php\/2025\/06\/19\/schaut-hin-wo-die-menschenwuerde-verletzt-wird-ekd\/"},"modified":"2025-06-19T16:32:38","modified_gmt":"2025-06-19T16:32:38","slug":"schaut-hin-wo-die-menschenwuerde-verletzt-wird-ekd","status":"publish","type":"post","link":"https:\/\/krankenhauspfarramt.de\/index.php\/2025\/06\/19\/schaut-hin-wo-die-menschenwuerde-verletzt-wird-ekd\/","title":{"rendered":"\u201eSchaut hin, wo die Menschenw\u00fcrde verletzt wird\u201c \u2013 EKD"},"content":{"rendered":"<p> <br \/>\n<\/p>\n<div id=\"\">\n<div class=\"article--meta article--meta__border clearfix\">\n<p>                                    <time datetime=\"19.06.2025 15:00\" class=\"article--time\">19.06.2025<\/time><\/p>\n<p>                                     <strong class=\"article--type primus--overline\">Pressemitteilung<\/strong><\/p>\n<picture class=\"article--source-image image\"><source srcset=\"https:\/\/www.ekd.de\/ekd_de\/ds_img\/assets\/20170622_ekd-Quellenlogo_141_rdax_423x118.png\"><!--<source srcset=\"\/ekd_de\/ds_img\/assets\/20170622_ekd-Quellenlogo_141_rdax_141x39.png 1x, \/ekd_de\/ds_img\/assets\/20170622_ekd-Quellenlogo_141_rdax_282x78.png 2x, https:\/\/www.ekd.de\/ekd_de\/ds_img\/assets\/20170622_ekd-Quellenlogo_141_rdax_423x118.png 3x\">--><\/p>\n<p>    <\/source><\/picture>\n<\/p><\/div>\n<h2 class=\"article--sub-headline primus--sub-headline\">Fl\u00fcchtlingsbischof der Evangelischen Kirche in Deutschland erinnert zum Weltfl\u00fcchtlingstag am 20. Juni an ein urchristliches Anliegen <\/h2>\n<\/p><\/div>\n<div id=\"\">\n<p>Anl\u00e4sslich des Weltfl\u00fcchtlingstags am 20. Juni ruft die Evangelische Kirche in Deutschland (EKD) dazu auf, gefl\u00fcchteten Menschen mit Gnade und Zuwendung zu begegnen. Rund 122 Millionen Menschen sind derzeit weltweit auf der Flucht. Nie zuvor mussten laut Fl\u00fcchtlingshilfswerk der Vereinten Nationen mehr Menschen vor Gewalt, Krieg, Verfolgung oder auch den Auswirkungen des Klimawandels fliehen.<\/p>\n<p>Christian St\u00e4blein, Bischof der Evangelischen Kirche Berlin-Brandenburg-schlesische Oberlausitz (EKBO) und EKD-Beauftragter f\u00fcr Fl\u00fcchtlingsfragen: \u201eDas Losungswort des heutigen Weltfl\u00fcchtlingstages k\u00f6nnte passender nicht sein: \u201aWende dich zu mir und sei mir gn\u00e4dig; denn ich bin einsam und elend\u2018 (Psalm 25,16). Dieser Hilferuf \u2013 \u00fcber Jahrtausende hinweg gebetet \u2013 richtet sich an Gott. Und er richtet sich dann auch an uns. Wir sind als Mitmenschen angesprochen, wo immer Menschen verfolgt und vertrieben sind, in Angst leben m\u00fcssen und Schutz suchen. Biblische Gnade meint dabei mehr als Mitleid: Sie steht f\u00fcr N\u00e4he, Zuwendung, W\u00fcrde und Sch\u00f6nheit. Diese Gnade ist nicht nur Mitgef\u00fchl, sondern Auftrag. Wenn Gott sich zuwendet, dann sind auch wir gerufen, uns zuzuwenden. Das Gebet wird zur Mahnung, zur Bitte: Seht hin, h\u00f6rt hin, nehmt wahr. Und tut, was in Gottes Namen aufgetragen ist.\u201c, so St\u00e4blein.<\/p>\n<p>\u201eAus diesem Grund erinnern wir als evangelische Kirche an die W\u00fcrde und Rechte von Menschen auf der Flucht und sagen: Schaut hin, wo die Menschenw\u00fcrde verletzt wird. Haltet euch an das, was unser Grundgesetz als Ma\u00dfstab vorgibt: Die W\u00fcrde des Menschen ist unantastbar. Das gilt \u00fcberall, das gilt auch an unseren Grenzen. Daran erinnern wir als Kirche auch in politisch schwierigen Zeiten. Darin erinnern wir heute \u00fcberall, wo Menschen Schutz und Beistand ben\u00f6tigen. Unsere Kirchen sind und bleiben Zufluchtsorte f\u00fcr Schwache und Schutzbed\u00fcrftige. Wir erz\u00e4hlen weiter von G\u00fcte und N\u00e4chstenliebe, von Gnade und Barmherzigkeit. Nicht nur, weil wir als Christinnen und Christen Teil der gro\u00dfen Menschenfamilie sind. Sondern auch, weil wir an diesem Jesus Christus h\u00e4ngen und glauben, der als Fl\u00fcchtlingskind zur Welt kam und uns sagt: \u201aWas ihr einem meiner geringsten Geschwister getan habt, das habt ihr mir getan\u2018 (Mt 25,40).\u201c<\/p>\n<p>Hannover, 19. Juni 2025<\/p>\n<p>Pressestelle der EKD<br \/>Carsten Splitt<\/p>\n<\/div>\n","protected":false},"excerpt":{"rendered":"<p>19.06.2025 Pressemitteilung Fl\u00fcchtlingsbischof der Evangelischen Kirche in Deutschland erinnert zum Weltfl\u00fcchtlingstag am 20. Juni an ein urchristliches Anliegen Anl\u00e4sslich des<\/p>\n","protected":false},"author":2,"featured_media":7657,"comment_status":"closed","ping_status":"closed","sticky":false,"template":"","format":"standard","meta":{"footnotes":""},"categories":[20],"tags":[],"_links":{"self":[{"href":"https:\/\/krankenhauspfarramt.de\/index.php\/wp-json\/wp\/v2\/posts\/8319"}],"collection":[{"href":"https:\/\/krankenhauspfarramt.de\/index.php\/wp-json\/wp\/v2\/posts"}],"about":[{"href":"https:\/\/krankenhauspfarramt.de\/index.php\/wp-json\/wp\/v2\/types\/post"}],"author":[{"embeddable":true,"href":"https:\/\/krankenhauspfarramt.de\/index.php\/wp-json\/wp\/v2\/users\/2"}],"replies":[{"embeddable":true,"href":"https:\/\/krankenhauspfarramt.de\/index.php\/wp-json\/wp\/v2\/comments?post=8319"}],"version-history":[{"count":1,"href":"https:\/\/krankenhauspfarramt.de\/index.php\/wp-json\/wp\/v2\/posts\/8319\/revisions"}],"predecessor-version":[{"id":8320,"href":"https:\/\/krankenhauspfarramt.de\/index.php\/wp-json\/wp\/v2\/posts\/8319\/revisions\/8320"}],"wp:featuredmedia":[{"embeddable":true,"href":"https:\/\/krankenhauspfarramt.de\/index.php\/wp-json\/wp\/v2\/media\/7657"}],"wp:attachment":[{"href":"https:\/\/krankenhauspfarramt.de\/index.php\/wp-json\/wp\/v2\/media?parent=8319"}],"wp:term":[{"taxonomy":"category","embeddable":true,"href":"https:\/\/krankenhauspfarramt.de\/index.php\/wp-json\/wp\/v2\/categories?post=8319"},{"taxonomy":"post_tag","embeddable":true,"href":"https:\/\/krankenhauspfarramt.de\/index.php\/wp-json\/wp\/v2\/tags?post=8319"}],"curies":[{"name":"wp","href":"https:\/\/api.w.org\/{rel}","templated":true}]}}