{"id":8321,"date":"2025-06-20T09:39:40","date_gmt":"2025-06-20T09:39:40","guid":{"rendered":"https:\/\/krankenhauspfarramt.de\/index.php\/2025\/06\/20\/kirchen-bleiben-zufluchtsorte-fuer-schutzbeduerftige-ekd\/"},"modified":"2025-06-20T09:39:41","modified_gmt":"2025-06-20T09:39:41","slug":"kirchen-bleiben-zufluchtsorte-fuer-schutzbeduerftige-ekd","status":"publish","type":"post","link":"https:\/\/krankenhauspfarramt.de\/index.php\/2025\/06\/20\/kirchen-bleiben-zufluchtsorte-fuer-schutzbeduerftige-ekd\/","title":{"rendered":"Kirchen bleiben Zufluchtsorte f\u00fcr Schutzbed\u00fcrftige \u2013 EKD"},"content":{"rendered":"<p> <br \/>\n<\/p>\n<div>\n<p>Der Berliner Bischof erinnerte an die W\u00fcrde und Rechte von Menschen auf der Flucht: \u201eDie W\u00fcrde des Menschen ist unantastbar. Das gilt \u00fcberall, das gilt auch an unseren Grenzen.\u201c Daran erinnere die Kirche in \u201epolitisch schwierigen Zeiten\u201c. St\u00e4blein versicherte: \u201eUnsere Kirchen sind und bleiben Zufluchtsorte f\u00fcr Schwache und Schutzbed\u00fcrftige.\u201c<\/p>\n<p>Laut Angaben des UN-Fl\u00fcchtlingshilfswerks UNHCR sind weltweit mehr als 122 Millionen Menschen auf der Flucht vor Krieg, Gewalt und Verfolgung. Dabei nehmen die Binnenvertriebenen, die vor Konflikten innerhalb des eigenen Landes fl\u00fcchten m\u00fcssen, den gr\u00f6\u00dften Anteil ein. Ihre Zahl wuchs bis Ende 2024 um 6,3 Millionen auf 73,5 Millionen.<\/p>\n<p>Die Zahl der Fl\u00fcchtlinge, die ihr eigenes Land verlassen und Schutz in anderen Staaten suchen, bezifferte das UNHCR Ende 2024 auf 42,7 Millionen.<\/p>\n<\/p><\/div>\n","protected":false},"excerpt":{"rendered":"<p>Der Berliner Bischof erinnerte an die W\u00fcrde und Rechte von Menschen auf der Flucht: \u201eDie W\u00fcrde des Menschen ist unantastbar.<\/p>\n","protected":false},"author":2,"featured_media":8322,"comment_status":"closed","ping_status":"closed","sticky":false,"template":"","format":"standard","meta":{"footnotes":""},"categories":[20],"tags":[],"_links":{"self":[{"href":"https:\/\/krankenhauspfarramt.de\/index.php\/wp-json\/wp\/v2\/posts\/8321"}],"collection":[{"href":"https:\/\/krankenhauspfarramt.de\/index.php\/wp-json\/wp\/v2\/posts"}],"about":[{"href":"https:\/\/krankenhauspfarramt.de\/index.php\/wp-json\/wp\/v2\/types\/post"}],"author":[{"embeddable":true,"href":"https:\/\/krankenhauspfarramt.de\/index.php\/wp-json\/wp\/v2\/users\/2"}],"replies":[{"embeddable":true,"href":"https:\/\/krankenhauspfarramt.de\/index.php\/wp-json\/wp\/v2\/comments?post=8321"}],"version-history":[{"count":1,"href":"https:\/\/krankenhauspfarramt.de\/index.php\/wp-json\/wp\/v2\/posts\/8321\/revisions"}],"predecessor-version":[{"id":8323,"href":"https:\/\/krankenhauspfarramt.de\/index.php\/wp-json\/wp\/v2\/posts\/8321\/revisions\/8323"}],"wp:featuredmedia":[{"embeddable":true,"href":"https:\/\/krankenhauspfarramt.de\/index.php\/wp-json\/wp\/v2\/media\/8322"}],"wp:attachment":[{"href":"https:\/\/krankenhauspfarramt.de\/index.php\/wp-json\/wp\/v2\/media?parent=8321"}],"wp:term":[{"taxonomy":"category","embeddable":true,"href":"https:\/\/krankenhauspfarramt.de\/index.php\/wp-json\/wp\/v2\/categories?post=8321"},{"taxonomy":"post_tag","embeddable":true,"href":"https:\/\/krankenhauspfarramt.de\/index.php\/wp-json\/wp\/v2\/tags?post=8321"}],"curies":[{"name":"wp","href":"https:\/\/api.w.org\/{rel}","templated":true}]}}