{"id":8324,"date":"2025-06-23T11:16:16","date_gmt":"2025-06-23T11:16:16","guid":{"rendered":"https:\/\/krankenhauspfarramt.de\/index.php\/2025\/06\/23\/dritter-oekumenischer-bericht-zur-religionsfreiheit-weltweit-ekd\/"},"modified":"2025-06-23T11:16:19","modified_gmt":"2025-06-23T11:16:19","slug":"dritter-oekumenischer-bericht-zur-religionsfreiheit-weltweit-ekd","status":"publish","type":"post","link":"https:\/\/krankenhauspfarramt.de\/index.php\/2025\/06\/23\/dritter-oekumenischer-bericht-zur-religionsfreiheit-weltweit-ekd\/","title":{"rendered":"Dritter Oekumenischer Bericht zur Religionsfreiheit weltweit \u2013 EKD"},"content":{"rendered":"<p> <br \/>\n<\/p>\n<div id=\"\">\n<p>Der \u201e3. \u00d6kumenische Bericht zur Religionsfreiheit weltweit\u201c steht nun auch in englischer Sprache zur Verf\u00fcgung. Das Dokument der Evangelischen Kirche in Deutschland (EKD) und der Deutschen Bischofskonferenz wurde von Wissenschaftlern und Experten aus kirchlichen Organisationen erarbeitet und erschien in deutscher Fassung im Sommer 2023.<\/p>\n<p>Die Publikation bietet einen \u00dcberblick \u00fcber die Lage der Religionsfreiheit in den verschiedenen Weltregionen und lenkt den Blick dabei in besonderer Weise auf die Situation der Christen. In einem thematischen Teil diskutiert der Bericht aktuelle Entwicklungen der Religionsfreiheit etwa im Zusammenhang mit Migration, Rechtspopulismus oder auch der Lebenswirklichkeit indigener V\u00f6lker. Diese Schwerpunktthemen werden durch zahlreiche L\u00e4nderberichte erg\u00e4nzt. \u201eGerade die L\u00e4nderberichte machen deutlich: Religi\u00f6s motivierte Diskriminierung und Verfolgung, insbesondere von Christen, haben \u00fcber die letzten Jahrzehnte deutlich zugenommen\u201c, so Bischof Dr. Bertram Meier, Vorsitzender der Kommission Weltkirche der Deutschen Bischofskonferenz. \u201eDiese Situation k\u00f6nnen wir nicht hinnehmen.\u201c<\/p>\n<p>Der Bericht tr\u00e4gt den Titel \u201eA Christian Perspective on a Universal Human Right\u201c. So wird der menschenrechtliche Charakter der Religionsfreiheit unterstrichen, wie er auch in der Allgemeinen Erkl\u00e4rung der Menschenrechte (1948) und in mehreren internationalen Konventionen zum Ausdruck gebracht worden ist. Dabei entspringt das Menschenrecht auf Religions- und Glaubensfreiheit dem Respekt vor der W\u00fcrde eines jeden Menschen, der die Kirchen in ihrem Einstehen f\u00fcr die Religionsfreiheit leitet. Beide Kirchen machen sich daf\u00fcr stark, Religionsfreiheit nicht isoliert, sondern als elementaren Bestandteil der Menschenrechte zu verstehen.<\/p>\n<p>\u201eMit der nun vorliegenden \u00dcbersetzung m\u00f6chten wir den gemeinsamen Bericht und unsere Perspektive \u00fcber die gesellschaftliche und politische Debatte in Deutschland hinaus in den internationalen Diskurs einbringen\u201c, so Bisch\u00f6fin Petra Bosse-Huber, Auslandsbisch\u00f6fin der EKD. \u201eUm religi\u00f6ser Diskriminierung wie Privilegierung entgegenzuwirken, braucht es ein besseres Verst\u00e4ndnis der Religions- und Weltanschauungsfreiheit als universelles Menschenrecht. Dabei haben wir auch Europa im Blick.\u201c<\/p>\n<p>Hinweis: Die englische Fassung des Berichts finden Sie zum Download unter www.ekd.de\/en\/religiousfreedom2023.<\/p>\n<p>Hannover, 23. Juni 2025<\/p>\n<p>Pressestelle der EKD<\/p>\n<p>\u00a0<\/p>\n<\/div>\n","protected":false},"excerpt":{"rendered":"<p>Der \u201e3. \u00d6kumenische Bericht zur Religionsfreiheit weltweit\u201c steht nun auch in englischer Sprache zur Verf\u00fcgung. Das Dokument der Evangelischen Kirche<\/p>\n","protected":false},"author":2,"featured_media":8325,"comment_status":"closed","ping_status":"closed","sticky":false,"template":"","format":"standard","meta":{"footnotes":""},"categories":[20],"tags":[],"_links":{"self":[{"href":"https:\/\/krankenhauspfarramt.de\/index.php\/wp-json\/wp\/v2\/posts\/8324"}],"collection":[{"href":"https:\/\/krankenhauspfarramt.de\/index.php\/wp-json\/wp\/v2\/posts"}],"about":[{"href":"https:\/\/krankenhauspfarramt.de\/index.php\/wp-json\/wp\/v2\/types\/post"}],"author":[{"embeddable":true,"href":"https:\/\/krankenhauspfarramt.de\/index.php\/wp-json\/wp\/v2\/users\/2"}],"replies":[{"embeddable":true,"href":"https:\/\/krankenhauspfarramt.de\/index.php\/wp-json\/wp\/v2\/comments?post=8324"}],"version-history":[{"count":1,"href":"https:\/\/krankenhauspfarramt.de\/index.php\/wp-json\/wp\/v2\/posts\/8324\/revisions"}],"predecessor-version":[{"id":8326,"href":"https:\/\/krankenhauspfarramt.de\/index.php\/wp-json\/wp\/v2\/posts\/8324\/revisions\/8326"}],"wp:featuredmedia":[{"embeddable":true,"href":"https:\/\/krankenhauspfarramt.de\/index.php\/wp-json\/wp\/v2\/media\/8325"}],"wp:attachment":[{"href":"https:\/\/krankenhauspfarramt.de\/index.php\/wp-json\/wp\/v2\/media?parent=8324"}],"wp:term":[{"taxonomy":"category","embeddable":true,"href":"https:\/\/krankenhauspfarramt.de\/index.php\/wp-json\/wp\/v2\/categories?post=8324"},{"taxonomy":"post_tag","embeddable":true,"href":"https:\/\/krankenhauspfarramt.de\/index.php\/wp-json\/wp\/v2\/tags?post=8324"}],"curies":[{"name":"wp","href":"https:\/\/api.w.org\/{rel}","templated":true}]}}