{"id":8327,"date":"2025-06-23T14:54:18","date_gmt":"2025-06-23T14:54:18","guid":{"rendered":"https:\/\/krankenhauspfarramt.de\/index.php\/2025\/06\/23\/gesellschaft-lebt-in-einer-art-daueraufregung-ekd\/"},"modified":"2025-06-23T14:54:18","modified_gmt":"2025-06-23T14:54:18","slug":"gesellschaft-lebt-in-einer-art-daueraufregung-ekd","status":"publish","type":"post","link":"https:\/\/krankenhauspfarramt.de\/index.php\/2025\/06\/23\/gesellschaft-lebt-in-einer-art-daueraufregung-ekd\/","title":{"rendered":"Gesellschaft lebt in &#8222;einer Art Daueraufregung&#8220; \u2013 EKD"},"content":{"rendered":"<p> <br \/>\n<\/p>\n<div id=\"\">\n        <!-- RSPEAK_START --><\/p>\n<header class=\"large-10 columns article--header\">\n<div class=\"article--meta article--meta__border clearfix\">\n<p>                                    <time datetime=\"22.06.2025 16:10\" class=\"article--time\">22.06.2025<\/time><\/p>\n<p>                                    <strong class=\"article--type primus--overline\">News<\/strong><\/p>\n<picture class=\"article--source-image image\"><source srcset=\"https:\/\/www.ekd.de\/ekd_de\/ds_img\/assets\/20170329_epd-Quellenlogo_141.png\"><!--<source srcset=\"https:\/\/www.ekd.de\/ekd_de\/ds_img\/assets\/20170329_epd-Quellenlogo_141.png 1x, https:\/\/www.ekd.de\/ekd_de\/ds_img\/assets\/20170329_epd-Quellenlogo_141.png 2x, https:\/\/www.ekd.de\/ekd_de\/ds_img\/assets\/20170329_epd-Quellenlogo_141.png 3x\">--><\/p>\n<p>    <\/source><\/picture>\n<\/p><\/div>\n<\/header>\n<div class=\"large-8 columns large-offset-1 \">\n<p>Die Pr\u00e4ses der Synode der Evangelischen Kirche (EKD), Anna-Nicole Heinrich, hat zu gesellschaftlicher Verst\u00e4ndigung aufgerufen. \u201eLasst uns aufh\u00f6ren, uns gegenseitig zu verurteilen\u201c, sagte sie am Sonntag bei der Er\u00f6ffnung der Kanzelreden-Reihe der Michaelis-Friedens-Kirchgemeinde in Leipzig. Glaube sei ein fester Grund f\u00fcr eine mutige Debattenkultur. Die Kirche k\u00f6nne und m\u00fcsse dabei ein Verst\u00e4ndigungsort sein. Heinrich ermunterte die Menschen, trotz Differenzen miteinander im Gespr\u00e4ch zu bleiben.<\/p>\n<p>Heinrich verglich die Botschaft von Paulus (\u201eLasst uns aufh\u00f6ren, einander zu verurteilen\u201c) mit heutigen Fragen des allt\u00e4glichen Zusammenlebens. \u201eIst das ein veganes W\u00fcrstchen oder richtige Bratwurst? Gendern wir bei der Begr\u00fc\u00dfung?\u201c Die Gesellschaft lebe in \u201eeiner Art Daueraufregung\u201c, sagte die Pr\u00e4ses. Emp\u00f6rung sei das Grundrauschen der heutigen Zeit. Auf diese Mechaniken w\u00fcrden Populisten \u201evon Trump bis H\u00f6cke\u201c setzen, die behaupten w\u00fcrden, dass andere einem etwas vorschreiben wollen. Dabei gehe es ihnen um Spaltung.<\/p>\n<p>Heinrichs Kanzelrede stand unter der \u00dcberschrift \u201eZwischen Hysterie und Vernunft. Kirche in der Emp\u00f6rungsgesellschaft\u201c. Sie predigte aus dem 14. Kapitel des R\u00f6merbriefs des Apostels Paulus.<\/p>\n<p>Von Juni 2025 bis April 2026 findet in der Leipziger Michaeliskirche eine Kanzelreden-Reihe mit dem Titel \u201eZwischen Schwarz und Wei\u00df &#8211; Orientierung in un\u00fcbersichtlichen Zeiten\u201c statt. Damit w\u00fcrden die erfolgreichen Reihen aus den Jahren 2017, 2019 und 2022\/23 fortgesetzt, hie\u00df es.<\/p>\n<\/p><\/div>\n<p>        <!-- RSPEAK_STOP --><\/p>\n<footer class=\"article--footer\">\n<\/footer><\/div>\n","protected":false},"excerpt":{"rendered":"<p>22.06.2025 News Die Pr\u00e4ses der Synode der Evangelischen Kirche (EKD), Anna-Nicole Heinrich, hat zu gesellschaftlicher Verst\u00e4ndigung aufgerufen. \u201eLasst uns aufh\u00f6ren,<\/p>\n","protected":false},"author":2,"featured_media":8001,"comment_status":"closed","ping_status":"closed","sticky":false,"template":"","format":"standard","meta":{"footnotes":""},"categories":[20],"tags":[],"_links":{"self":[{"href":"https:\/\/krankenhauspfarramt.de\/index.php\/wp-json\/wp\/v2\/posts\/8327"}],"collection":[{"href":"https:\/\/krankenhauspfarramt.de\/index.php\/wp-json\/wp\/v2\/posts"}],"about":[{"href":"https:\/\/krankenhauspfarramt.de\/index.php\/wp-json\/wp\/v2\/types\/post"}],"author":[{"embeddable":true,"href":"https:\/\/krankenhauspfarramt.de\/index.php\/wp-json\/wp\/v2\/users\/2"}],"replies":[{"embeddable":true,"href":"https:\/\/krankenhauspfarramt.de\/index.php\/wp-json\/wp\/v2\/comments?post=8327"}],"version-history":[{"count":1,"href":"https:\/\/krankenhauspfarramt.de\/index.php\/wp-json\/wp\/v2\/posts\/8327\/revisions"}],"predecessor-version":[{"id":8328,"href":"https:\/\/krankenhauspfarramt.de\/index.php\/wp-json\/wp\/v2\/posts\/8327\/revisions\/8328"}],"wp:featuredmedia":[{"embeddable":true,"href":"https:\/\/krankenhauspfarramt.de\/index.php\/wp-json\/wp\/v2\/media\/8001"}],"wp:attachment":[{"href":"https:\/\/krankenhauspfarramt.de\/index.php\/wp-json\/wp\/v2\/media?parent=8327"}],"wp:term":[{"taxonomy":"category","embeddable":true,"href":"https:\/\/krankenhauspfarramt.de\/index.php\/wp-json\/wp\/v2\/categories?post=8327"},{"taxonomy":"post_tag","embeddable":true,"href":"https:\/\/krankenhauspfarramt.de\/index.php\/wp-json\/wp\/v2\/tags?post=8327"}],"curies":[{"name":"wp","href":"https:\/\/api.w.org\/{rel}","templated":true}]}}