{"id":8329,"date":"2025-06-23T15:20:06","date_gmt":"2025-06-23T15:20:06","guid":{"rendered":"https:\/\/krankenhauspfarramt.de\/index.php\/2025\/06\/23\/bedford-strohm-willkommenskultur-2015-hat-mich-stolz-gemacht-ekd\/"},"modified":"2025-06-23T15:20:07","modified_gmt":"2025-06-23T15:20:07","slug":"bedford-strohm-willkommenskultur-2015-hat-mich-stolz-gemacht-ekd","status":"publish","type":"post","link":"https:\/\/krankenhauspfarramt.de\/index.php\/2025\/06\/23\/bedford-strohm-willkommenskultur-2015-hat-mich-stolz-gemacht-ekd\/","title":{"rendered":"Bedford-Strohm Willkommenskultur 2015 hat mich stolz gemacht \u2013 EKD"},"content":{"rendered":"<p> <br \/>\n<\/p>\n<div>\n<p>Konkret w\u00fcnsche er sich weniger H\u00fcrden f\u00fcr Gefl\u00fcchtete, wenn sie arbeiten wollten. \u201eDie Leute, die hierherkommen, wollen ja etwas beitragen.\u201c Der wichtigste Punkt, um die Menschen von Flucht abzuhalten, sei die Bek\u00e4mpfung der Fluchtursachen. \u201eDa sind gegenw\u00e4rtigen Erw\u00e4gungen zur K\u00fcrzung der Entwicklungshilfe zugunsten des Milit\u00e4retats genau der falsche Weg\u201c, sagte Bedford-Strohm. \u201eUnd langfristig gilt angesichts zu erwartender Klimafl\u00fcchtlinge: Eine wirksame Klimapolitik ist die beste Fl\u00fcchtlingspolitik der Zukunft.\u201c<\/p>\n<p>Au\u00dferdem habe er gro\u00dfe Zweifel, dass die geplanten Zentren f\u00fcr Asylsuchende an den EU-Au\u00dfengrenzen human gestaltet werden k\u00f6nnten. \u201eFamilien mit Kindern werden auf unabsehbare Zeit in gef\u00e4ngnis\u00e4hnlichen Lagern festgehalten werden.\u201c<\/p>\n<\/p><\/div>\n","protected":false},"excerpt":{"rendered":"<p>Konkret w\u00fcnsche er sich weniger H\u00fcrden f\u00fcr Gefl\u00fcchtete, wenn sie arbeiten wollten. \u201eDie Leute, die hierherkommen, wollen ja etwas beitragen.\u201c<\/p>\n","protected":false},"author":2,"featured_media":7707,"comment_status":"closed","ping_status":"closed","sticky":false,"template":"","format":"standard","meta":{"footnotes":""},"categories":[20],"tags":[],"_links":{"self":[{"href":"https:\/\/krankenhauspfarramt.de\/index.php\/wp-json\/wp\/v2\/posts\/8329"}],"collection":[{"href":"https:\/\/krankenhauspfarramt.de\/index.php\/wp-json\/wp\/v2\/posts"}],"about":[{"href":"https:\/\/krankenhauspfarramt.de\/index.php\/wp-json\/wp\/v2\/types\/post"}],"author":[{"embeddable":true,"href":"https:\/\/krankenhauspfarramt.de\/index.php\/wp-json\/wp\/v2\/users\/2"}],"replies":[{"embeddable":true,"href":"https:\/\/krankenhauspfarramt.de\/index.php\/wp-json\/wp\/v2\/comments?post=8329"}],"version-history":[{"count":1,"href":"https:\/\/krankenhauspfarramt.de\/index.php\/wp-json\/wp\/v2\/posts\/8329\/revisions"}],"predecessor-version":[{"id":8330,"href":"https:\/\/krankenhauspfarramt.de\/index.php\/wp-json\/wp\/v2\/posts\/8329\/revisions\/8330"}],"wp:featuredmedia":[{"embeddable":true,"href":"https:\/\/krankenhauspfarramt.de\/index.php\/wp-json\/wp\/v2\/media\/7707"}],"wp:attachment":[{"href":"https:\/\/krankenhauspfarramt.de\/index.php\/wp-json\/wp\/v2\/media?parent=8329"}],"wp:term":[{"taxonomy":"category","embeddable":true,"href":"https:\/\/krankenhauspfarramt.de\/index.php\/wp-json\/wp\/v2\/categories?post=8329"},{"taxonomy":"post_tag","embeddable":true,"href":"https:\/\/krankenhauspfarramt.de\/index.php\/wp-json\/wp\/v2\/tags?post=8329"}],"curies":[{"name":"wp","href":"https:\/\/api.w.org\/{rel}","templated":true}]}}