{"id":8331,"date":"2025-06-24T15:46:14","date_gmt":"2025-06-24T15:46:14","guid":{"rendered":"https:\/\/krankenhauspfarramt.de\/index.php\/2025\/06\/24\/mitgliedertypologie-im-anschluss-an-die-kmu6-ekd\/"},"modified":"2025-06-24T15:46:15","modified_gmt":"2025-06-24T15:46:15","slug":"mitgliedertypologie-im-anschluss-an-die-kmu6-ekd","status":"publish","type":"post","link":"https:\/\/krankenhauspfarramt.de\/index.php\/2025\/06\/24\/mitgliedertypologie-im-anschluss-an-die-kmu6-ekd\/","title":{"rendered":"Mitgliedertypologie im Anschluss an die KMU6 \u2013 EKD"},"content":{"rendered":"<p> <br \/>\n<\/p>\n<div id=\"\">\n<p>Was bedeuten empirisch erhobene Erwartungen und Einstellungen von Menschen eigentlich f\u00fcr die kirchliche Praxis vor Ort? Mit einer \u201eTypologie evangelischer Kirchenmitglieder\u201c auf der Basis der Sechsten Kirchenmitgliedschaftsuntersuchung (KMU6) sowie einer vertiefenden Begleitstudie liegt ein aktuelles Modell vor, das Verantwortliche unterst\u00fctzt, kirchliches Leben gezielt und wirksam zu gestalten.<\/p>\n<p>Die Typologie unterscheidet mehrere Gruppen von evangelischen Kirchenmitgliedern, die sich in ihrem kirchlichen Engagement, ihren Erwartungen und ihrer Verbundenheit deutlich unterscheiden. Von den Engagierten \u00fcber die Sinnsuchenden bis hin zu den Distanzierten \u2013 jede Gruppe bringt spezifische Bed\u00fcrfnisse und Potenziale mit, die in der Gestaltung von Kommunikation, in der Setzung von Themen bis hin zur Gestaltung kirchlichen Lebens ber\u00fccksichtigt werden sollten.<\/p>\n<p>Die Brosch\u00fcre richtet sich an Haupt- und Ehrenamtliche in Gemeinden, Kirchenkreisen und kirchlichen Einrichtungen. Sie bietet nicht nur wissenschaftlich fundierte Einblicke, sondern auch erste praxisnahe Anregungen f\u00fcr eine strategische Weiterentwicklung kirchlicher Arbeit. \u201eWir brauchen mehr denn je ein klares Bild davon, f\u00fcr wen wir Kirche gestalten\u201c, so die Autor*innengruppe.<\/p>\n<p>Mit der Ver\u00f6ffentlichung dieser Brosch\u00fcre ist ein wichtiger Unterst\u00fctzungsimpuls verf\u00fcgbar f\u00fcr eine zukunftsorientierte, evidenzbasierte Kirchenentwicklung.<\/p>\n<p>Die Brosch\u00fcre steht als PDF-Version unter www.ekd.de\/kirchenentwicklung zum Download zur Verf\u00fcgung.<\/p>\n<p>Hannover, 24. Juni 2025<\/p>\n<p>Pressestelle der EKD<\/p>\n<\/div>\n<div id=\"\">\n<div class=\"article--downloads download\">\n<figure class=\"image image__float\" style=\"z-index: 4; position: relative;\">\n            <picture><source srcset=\"https:\/\/www.ekd.de\/ekd_de\/ds_img\/assets_789_x\/wie-ticken-evangelische_rdax_263x148_60s.jpg 1x, https:\/\/www.ekd.de\/ekd_de\/ds_img\/assets_789_x\/wie-ticken-evangelische_rdax_526x296_60s.jpg 2x, https:\/\/www.ekd.de\/ekd_de\/ds_img\/assets_789_x\/wie-ticken-evangelische_rdax_60s.jpg 3x\"><\/source><\/picture>\n<\/figure>\n<p><h3 class=\"primus--sub-headline\">Wie ticken Evangelische? Eine Mitgliedertypologie im Anschluss an die KMU6<\/h3>\n<\/p>\n<p>Die neue Mitgliedertypologie der EKD gibt einen tiefen Einblick in die vielf\u00e4ltigen Lebenswelten evangelischer Kirchenmitglieder. Basierend auf aktuellen Daten der 6. KMU und einer erg\u00e4nzenden Mitgliederbefragung zeigt sie sechs differenzierte Typen \u2013 von Religi\u00f6s-Verbundenen bis hin zu Gleichg\u00fcltig-Distanzierten. Die Typologie ist nicht nur analytisch, sondern praktisch ausgerichtet: Sie dient als strategisches Werkzeug f\u00fcr zielgruppengerechte Kommunikation und kirchliches Handeln. Wer Kirche zukunftsf\u00e4hig gestalten will, findet hier fundierte Anregungen, um N\u00e4he, Relevanz und Vertrauen zu st\u00e4rken.<\/p>\n<\/p><\/div>\n<\/div>\n","protected":false},"excerpt":{"rendered":"<p>Was bedeuten empirisch erhobene Erwartungen und Einstellungen von Menschen eigentlich f\u00fcr die kirchliche Praxis vor Ort? Mit einer \u201eTypologie evangelischer<\/p>\n","protected":false},"author":2,"featured_media":8332,"comment_status":"closed","ping_status":"closed","sticky":false,"template":"","format":"standard","meta":{"footnotes":""},"categories":[20],"tags":[],"_links":{"self":[{"href":"https:\/\/krankenhauspfarramt.de\/index.php\/wp-json\/wp\/v2\/posts\/8331"}],"collection":[{"href":"https:\/\/krankenhauspfarramt.de\/index.php\/wp-json\/wp\/v2\/posts"}],"about":[{"href":"https:\/\/krankenhauspfarramt.de\/index.php\/wp-json\/wp\/v2\/types\/post"}],"author":[{"embeddable":true,"href":"https:\/\/krankenhauspfarramt.de\/index.php\/wp-json\/wp\/v2\/users\/2"}],"replies":[{"embeddable":true,"href":"https:\/\/krankenhauspfarramt.de\/index.php\/wp-json\/wp\/v2\/comments?post=8331"}],"version-history":[{"count":1,"href":"https:\/\/krankenhauspfarramt.de\/index.php\/wp-json\/wp\/v2\/posts\/8331\/revisions"}],"predecessor-version":[{"id":8333,"href":"https:\/\/krankenhauspfarramt.de\/index.php\/wp-json\/wp\/v2\/posts\/8331\/revisions\/8333"}],"wp:featuredmedia":[{"embeddable":true,"href":"https:\/\/krankenhauspfarramt.de\/index.php\/wp-json\/wp\/v2\/media\/8332"}],"wp:attachment":[{"href":"https:\/\/krankenhauspfarramt.de\/index.php\/wp-json\/wp\/v2\/media?parent=8331"}],"wp:term":[{"taxonomy":"category","embeddable":true,"href":"https:\/\/krankenhauspfarramt.de\/index.php\/wp-json\/wp\/v2\/categories?post=8331"},{"taxonomy":"post_tag","embeddable":true,"href":"https:\/\/krankenhauspfarramt.de\/index.php\/wp-json\/wp\/v2\/tags?post=8331"}],"curies":[{"name":"wp","href":"https:\/\/api.w.org\/{rel}","templated":true}]}}