{"id":8334,"date":"2025-06-24T19:47:28","date_gmt":"2025-06-24T19:47:28","guid":{"rendered":"https:\/\/krankenhauspfarramt.de\/index.php\/2025\/06\/24\/luthergedenkstaetten-restaurieren-historische-moenchskutte-ekd\/"},"modified":"2025-06-24T19:47:29","modified_gmt":"2025-06-24T19:47:29","slug":"luthergedenkstaetten-restaurieren-historische-moenchskutte-ekd","status":"publish","type":"post","link":"https:\/\/krankenhauspfarramt.de\/index.php\/2025\/06\/24\/luthergedenkstaetten-restaurieren-historische-moenchskutte-ekd\/","title":{"rendered":"Luthergedenkst\u00e4tten restaurieren historische M\u00f6nchskutte \u2013 EKD"},"content":{"rendered":"<p> <br \/>\n<\/p>\n<div>\n<p>Wittenberg (epd). Bis zur Er\u00f6ffnung der neuen Dauerausstellung in den Wittenberger LutherMuseen im Fr\u00fchjahr 2027 soll auch die bekannte Kutte des Reformators Martin Luther (1483-1546) restauriert werden. Das Kleidungsst\u00fcck aus dem 16. Jahrhundert weist mehrere Besch\u00e4digungen auf und soll f\u00fcr die Nachwelt erhalten werden, sagte der Vorstand der Stiftung, Thomas M\u00fcller, am Dienstag in Wittenberg.<\/p>\n<p>Die Restaurierung werde rund 12.000 Euro kosten und soll vermutlich Ende kommenden Jahres erfolgen. Finanziert werden die Arbeiten den Angaben zufolge \u00fcber den Freundeskreis der LutherMuseen sowie den Rotary Club Wittenberg.<\/p>\n<p>Die \u201eLutherkutte\u201c sei von ganz zentraler Bedeutung, sagte die Vorsitzende des 2022 gegr\u00fcndeten Freundeskreises, Sigrid Bias-Engels: \u201eDie Besucher werden hier still und and\u00e4chtig.\u201c Das Gewand sei eng mit Luthers Namen verbunden und Teil seiner Wirkungsgeschichte.<\/p>\n<p>Es gehe nicht darum, dass die Kutte nach der Restaurierung wie neu aussehe, betonte Bias-Engels. Stattdessen solle sie ihr Aussehen behalten, allerdings m\u00fcssten einige Sch\u00e4den beseitigt werden, damit das Gewand auch von k\u00fcnftigen Generationen besichtigt werden k\u00f6nne.<\/p>\n<p>Eine neue Figurine soll demnach das Gewicht des Gewandes besser aufnehmen und gleichm\u00e4\u00dfiger verteilen. Auch Stiftungsvorstand M\u00fcller machte deutlich, dass die Kutte nicht \u201e\u00fcberrestauriert\u201c werden soll.<\/p>\n<p>Der Pr\u00e4sident des Rotary Clubs Wittenberg, Rando Gie\u00dfmann, sagte, in dem Ausstellungsst\u00fcck verbinde sich vieles, etwa Regionalgeschichte, Authentisches und Kultur. Ebenso w\u00fcrden Kinder und Jugendliche von der Kutte angesprochen.<\/p>\n<p>Auch nach dem Beginn der Reformation trug der fr\u00fchere Augustinerm\u00f6nch Martin Luther den Angaben zufolge weiterhin eine M\u00f6nchskutte. Sie besteht aus Wolle und ist in der Tradition des Bettelordens der Augustiner bewusst schlicht gehalten.<\/p>\n<p>Das schwarze Obergewand mit der charakteristischen \u201ecuculla\u201c, einer Kragenkapuze, trug Luther der \u00dcberlieferung zufolge bis 1524. Dann legte er das Gewand endg\u00fcltig ab, um den Bruch mit dem katholischen M\u00f6nchtum deutlich zu machen. Bereits in seiner Schrift \u201eDe votis monasticis\u201c (deutsch: \u201e\u00dcber die M\u00f6nchsgel\u00fcbde\u201c) hatte er 1521 die Gel\u00fcbde der Ordensleute f\u00fcr wirkungslos erkl\u00e4rt und sie aufgefordert, ihre Kl\u00f6ster zu verlassen. Im Juni 1525 heiratete Luther schlie\u00dflich die fr\u00fchere Nonne Katharina von Bora (1499-1552).<\/p>\n<p>\u00a0<\/p>\n<\/p><\/div>\n<div id=\"\">\n    <!-- Test for teaser --><br \/>\n    <!--Val: 1 --><\/p>\n<p>                    \t    <!-- SRC:  --><\/p>\n<aside class=\"article--aside quintus teaser teaser__related rs_skip rs_preserve\">\n<div class=\"teaser--article teaser--content\">\n<figure class=\"teaser--image\">\n                                                    <picture><source media=\"(max-width:935px)\" srcset=\"https:\/\/www.ekd.de\/ekd_de\/ds_img\/assets_1875_x\/171030_epd_Jens-Ulrich_Koch_Martin_Luther_Denkmal_Erfurt_1875_rdax_625x352_60s.jpg 1x, https:\/\/www.ekd.de\/ekd_de\/ds_img\/assets_1875_x\/171030_epd_Jens-Ulrich_Koch_Martin_Luther_Denkmal_Erfurt_1875_rdax_1250x704_60s.jpg 2x, https:\/\/www.ekd.de\/ekd_de\/ds_img\/assets_1875_x\/171030_epd_Jens-Ulrich_Koch_Martin_Luther_Denkmal_Erfurt_1875_rdax_60s.jpg 3x\"><source media=\"(min-width:934px)\" srcset=\"https:\/\/www.ekd.de\/ekd_de\/ds_img\/assets_1875_x\/171030_epd_Jens-Ulrich_Koch_Martin_Luther_Denkmal_Erfurt_1875_rdax_360x203_70s.jpg 1x, https:\/\/www.ekd.de\/ekd_de\/ds_img\/assets_1875_x\/171030_epd_Jens-Ulrich_Koch_Martin_Luther_Denkmal_Erfurt_1875_rdax_720x406_70s.jpg 2x, https:\/\/www.ekd.de\/ekd_de\/ds_img\/assets_1875_x\/171030_epd_Jens-Ulrich_Koch_Martin_Luther_Denkmal_Erfurt_1875_rdax_1080x608_70s.jpg 3x\"><\/source><\/source><\/picture><figcaption\/>\n                                                <\/figure>\n<p class=\"quintus--text teaser--text\">Im 16. Jahrhundert entstand in Europa eine religi\u00f6se Erneuerungsbewegung. Viele Theologen, darunter Martin Luther, wollten die Kirche erneuern.<\/p>\n<\/p><\/div>\n<\/aside>\n<div class=\"article--content\">\n<p>Laut Stiftung Luthergedenkst\u00e4tten wird das M\u00f6nchsgewand seit Jahrhunderten Luther zugeschrieben. Ob es sich wirklich um eine Kutte des Reformators handle, k\u00f6nne aber nicht zweifelsfrei nachgewiesen werden. Bekannt sei, dass Kurf\u00fcrst Friedrich der Weise (1463-1525) Luther in den Jahren 1521\/22 ein Gewand geschenkt habe.<\/p>\n<p>Seit 1983 befindet sich die M\u00f6nchskutte in der Sammlung der Luthergedenkst\u00e4tten in Wittenberg. Dort ist sie dauerhaft ausgestellt, aktuell in der Sonderausstellung \u201eBuchst\u00e4blich Luther\u201c im Augusteum. Das Lutherhaus wird momentan energetisch saniert und soll im Fr\u00fchjahr 2027 wiederer\u00f6ffnet werden. Bis dahin soll die Kutte restauriert sein, hie\u00df es. Die Arbeiten sollen laut M\u00fcller \u00f6ffentlich ausgeschrieben werden. Die Restaurierung k\u00f6nne nicht vor Ort erfolgen.<\/p>\n<\/p><\/div>\n<\/div>\n","protected":false},"excerpt":{"rendered":"<p>Wittenberg (epd). Bis zur Er\u00f6ffnung der neuen Dauerausstellung in den Wittenberger LutherMuseen im Fr\u00fchjahr 2027 soll auch die bekannte Kutte<\/p>\n","protected":false},"author":2,"featured_media":8335,"comment_status":"closed","ping_status":"closed","sticky":false,"template":"","format":"standard","meta":{"footnotes":""},"categories":[20],"tags":[],"_links":{"self":[{"href":"https:\/\/krankenhauspfarramt.de\/index.php\/wp-json\/wp\/v2\/posts\/8334"}],"collection":[{"href":"https:\/\/krankenhauspfarramt.de\/index.php\/wp-json\/wp\/v2\/posts"}],"about":[{"href":"https:\/\/krankenhauspfarramt.de\/index.php\/wp-json\/wp\/v2\/types\/post"}],"author":[{"embeddable":true,"href":"https:\/\/krankenhauspfarramt.de\/index.php\/wp-json\/wp\/v2\/users\/2"}],"replies":[{"embeddable":true,"href":"https:\/\/krankenhauspfarramt.de\/index.php\/wp-json\/wp\/v2\/comments?post=8334"}],"version-history":[{"count":1,"href":"https:\/\/krankenhauspfarramt.de\/index.php\/wp-json\/wp\/v2\/posts\/8334\/revisions"}],"predecessor-version":[{"id":8336,"href":"https:\/\/krankenhauspfarramt.de\/index.php\/wp-json\/wp\/v2\/posts\/8334\/revisions\/8336"}],"wp:featuredmedia":[{"embeddable":true,"href":"https:\/\/krankenhauspfarramt.de\/index.php\/wp-json\/wp\/v2\/media\/8335"}],"wp:attachment":[{"href":"https:\/\/krankenhauspfarramt.de\/index.php\/wp-json\/wp\/v2\/media?parent=8334"}],"wp:term":[{"taxonomy":"category","embeddable":true,"href":"https:\/\/krankenhauspfarramt.de\/index.php\/wp-json\/wp\/v2\/categories?post=8334"},{"taxonomy":"post_tag","embeddable":true,"href":"https:\/\/krankenhauspfarramt.de\/index.php\/wp-json\/wp\/v2\/tags?post=8334"}],"curies":[{"name":"wp","href":"https:\/\/api.w.org\/{rel}","templated":true}]}}