{"id":8337,"date":"2025-06-25T12:05:09","date_gmt":"2025-06-25T12:05:09","guid":{"rendered":"https:\/\/krankenhauspfarramt.de\/index.php\/2025\/06\/25\/digitale-lernpfade-fuer-ausbildungsstaetten-fuer-den-pfarrberuf-ekd\/"},"modified":"2025-06-25T12:05:12","modified_gmt":"2025-06-25T12:05:12","slug":"digitale-lernpfade-fuer-ausbildungsstaetten-fuer-den-pfarrberuf-ekd","status":"publish","type":"post","link":"https:\/\/krankenhauspfarramt.de\/index.php\/2025\/06\/25\/digitale-lernpfade-fuer-ausbildungsstaetten-fuer-den-pfarrberuf-ekd\/","title":{"rendered":"Digitale Lernpfade f\u00fcr Ausbildungsst\u00e4tten f\u00fcr den Pfarrberuf \u2013 EKD"},"content":{"rendered":"<p> <br \/>\n<\/p>\n<div id=\"\">\n<p>Um die Ausbildung angehender Pfarrpersonen im digitalen Zeitalter zukunftsf\u00e4hig zu gestalten, f\u00fchrt die Internationale Fachkonferenz der Ausbildungsinstitute f\u00fcr den Pfarrberuf (IFKAP) ein gemeinsames Lernmanagementsystem ein. Mit dem Projekt sollen digitale Lernpfade im Blended-Learning-Format entstehen, die Vikar*innen auf Pr\u00e4senzphasen vorbereiten und den Wissenstransfer verbessern.<\/p>\n<p>Die Lernpfade werden in Kooperation mit mehreren Predigerseminaren entwickelt und erm\u00f6glichen eine breite Nutzung in nahezu allen Landeskirchen. Neben der technischen Infrastruktur stehen Schulungen und die kooperative Erstellung der digitalen Inhalte im Fokus. Ziel ist es, die digitale Kompetenz aller Beteiligten nachhaltig zu st\u00e4rken und ein einheitliches, flexibles Lernangebot zu etablieren.<\/p>\n<p>Gef\u00f6rdert mit 54.000\u202f\u20ac aus dem Digitalinnovationsfonds.<\/p>\n<\/div>\n","protected":false},"excerpt":{"rendered":"<p>Um die Ausbildung angehender Pfarrpersonen im digitalen Zeitalter zukunftsf\u00e4hig zu gestalten, f\u00fchrt die Internationale Fachkonferenz der Ausbildungsinstitute f\u00fcr den Pfarrberuf<\/p>\n","protected":false},"author":2,"featured_media":8338,"comment_status":"closed","ping_status":"closed","sticky":false,"template":"","format":"standard","meta":{"footnotes":""},"categories":[20],"tags":[],"_links":{"self":[{"href":"https:\/\/krankenhauspfarramt.de\/index.php\/wp-json\/wp\/v2\/posts\/8337"}],"collection":[{"href":"https:\/\/krankenhauspfarramt.de\/index.php\/wp-json\/wp\/v2\/posts"}],"about":[{"href":"https:\/\/krankenhauspfarramt.de\/index.php\/wp-json\/wp\/v2\/types\/post"}],"author":[{"embeddable":true,"href":"https:\/\/krankenhauspfarramt.de\/index.php\/wp-json\/wp\/v2\/users\/2"}],"replies":[{"embeddable":true,"href":"https:\/\/krankenhauspfarramt.de\/index.php\/wp-json\/wp\/v2\/comments?post=8337"}],"version-history":[{"count":1,"href":"https:\/\/krankenhauspfarramt.de\/index.php\/wp-json\/wp\/v2\/posts\/8337\/revisions"}],"predecessor-version":[{"id":8339,"href":"https:\/\/krankenhauspfarramt.de\/index.php\/wp-json\/wp\/v2\/posts\/8337\/revisions\/8339"}],"wp:featuredmedia":[{"embeddable":true,"href":"https:\/\/krankenhauspfarramt.de\/index.php\/wp-json\/wp\/v2\/media\/8338"}],"wp:attachment":[{"href":"https:\/\/krankenhauspfarramt.de\/index.php\/wp-json\/wp\/v2\/media?parent=8337"}],"wp:term":[{"taxonomy":"category","embeddable":true,"href":"https:\/\/krankenhauspfarramt.de\/index.php\/wp-json\/wp\/v2\/categories?post=8337"},{"taxonomy":"post_tag","embeddable":true,"href":"https:\/\/krankenhauspfarramt.de\/index.php\/wp-json\/wp\/v2\/tags?post=8337"}],"curies":[{"name":"wp","href":"https:\/\/api.w.org\/{rel}","templated":true}]}}