{"id":8340,"date":"2025-06-25T16:20:02","date_gmt":"2025-06-25T16:20:02","guid":{"rendered":"https:\/\/krankenhauspfarramt.de\/index.php\/2025\/06\/25\/jetzt-ist-platz-fuer-neues-ekd\/"},"modified":"2025-06-25T16:20:03","modified_gmt":"2025-06-25T16:20:03","slug":"jetzt-ist-platz-fuer-neues-ekd","status":"publish","type":"post","link":"https:\/\/krankenhauspfarramt.de\/index.php\/2025\/06\/25\/jetzt-ist-platz-fuer-neues-ekd\/","title":{"rendered":"&#8222;Jetzt ist Platz f\u00fcr Neues&#8220; \u2013 EKD"},"content":{"rendered":"<p> <br \/>\n<\/p>\n<div>\n<p>Mit einem Festgottesdienst in der Marburger Universit\u00e4tskirche ist am Mittwoch die Feier zum 100-j\u00e4hrigen Bestehen des Konvents evangelischer Theologinnen zu Ende gegangen. Mit Pumps und Talar, so auch das Motto des Treffens, zogen Theologinnen aus den verschiedenen Landeskirchen in die Kirche ein. Hundert Jahre Theologinnenkonvent bedeuteten auch \u201ehundert Jahre Beharrlichkeit\u201c, sagte die Pr\u00e4ses der Synode der Evangelischen Kirche in Deutschland, Anna-Nicole Heinrich, in einer Videobotschaft.<\/p>\n<p>Es habe auch Verletzungen gegeben, die Frauen durch die institutionelle Kirche erfahren h\u00e4tten. Auch heute sei Gleichberechtigung noch immer keine Selbstverst\u00e4ndlichkeit, Frauen in Leitungspositionen noch immer unterrepr\u00e4sentiert, sagte Heinrich. Daher brauche es auch in Zukunft den Theologinnenkonvent und \u201estarke, sichtbare Frauen\u201c.<\/p>\n<p>Die Festpredigerin, die lettische Theologieprofessorin und Dekanin der Theologischen Fakult\u00e4t an der Universit\u00e4t Lettlands in Riga, Dace Balode, erinnerte an die Theologin Katharina Staritz, die als erste Frau in Theologie in Marburg promovierte. Staritz setzte sich f\u00fcr J\u00fcdinnen und Juden in ihrer Gemeinde ein und wurde von den Nationalsozialisten zun\u00e4chst in ein Arbeitslager, anschlie\u00dfend in das Konzentrationslager Ravensbr\u00fcck deportiert.<\/p>\n<p>Bei der Jubil\u00e4umstagung sei es den Theologinnen \u201eum R\u00fcckschau und W\u00fcrdigung\u201c gegangen, sagte die stellvertretende Vorsitzende des Theologinnenkonvents, die Dresdner Pfarrerin Antje Hinze, dem Evangelischen Pressedienst (epd). Gr\u00f6\u00dfte Errungenschaft in den vergangenen 100 Jahren sei die Ordination von Theologinnen in allen deutschen Landeskirchen gewesen.<\/p>\n<p>Die 140 Teilnehmerinnen befassten sich Hinze zufolge au\u00dferdem mit der Frage, wof\u00fcr der Konvent in Zukunft stehen solle. Es werde k\u00fcnftig darum gehen, \u201edass wir uns nicht nur auf Frauen beschr\u00e4nken, sondern uns von den Rollenklischees befreien\u201c und \u201eweit und geschlechteroffen werden\u201c. Einige Frauen h\u00e4tten die Auffassung vertreten: \u201eUnsere Aufgabe ist erf\u00fcllt, jetzt ist Platz f\u00fcr Neues.\u201c<\/p>\n<p>Die Jahrestagung zum 100-j\u00e4hrigen Bestehen fand von Sonntag bis Mittwoch in Marburg statt. Dort gr\u00fcndeten im Jahr 1925 elf Theologiestudentinnen den Theologinnenkonvent, also die Zusammenkunft von Theologinnen. Bei einem \u201eFrauenmahl\u201c in der Evangeliumshalle in Marburg-Wehrda war unter anderem die Bisch\u00f6fin der Evangelischen Kirche von Kurhessen-Waldeck, Beate Hofmann, als Tischrednerin zu Gast.<\/p>\n<\/p><\/div>\n","protected":false},"excerpt":{"rendered":"<p>Mit einem Festgottesdienst in der Marburger Universit\u00e4tskirche ist am Mittwoch die Feier zum 100-j\u00e4hrigen Bestehen des Konvents evangelischer Theologinnen zu<\/p>\n","protected":false},"author":2,"featured_media":8193,"comment_status":"closed","ping_status":"closed","sticky":false,"template":"","format":"standard","meta":{"footnotes":""},"categories":[20],"tags":[],"_links":{"self":[{"href":"https:\/\/krankenhauspfarramt.de\/index.php\/wp-json\/wp\/v2\/posts\/8340"}],"collection":[{"href":"https:\/\/krankenhauspfarramt.de\/index.php\/wp-json\/wp\/v2\/posts"}],"about":[{"href":"https:\/\/krankenhauspfarramt.de\/index.php\/wp-json\/wp\/v2\/types\/post"}],"author":[{"embeddable":true,"href":"https:\/\/krankenhauspfarramt.de\/index.php\/wp-json\/wp\/v2\/users\/2"}],"replies":[{"embeddable":true,"href":"https:\/\/krankenhauspfarramt.de\/index.php\/wp-json\/wp\/v2\/comments?post=8340"}],"version-history":[{"count":1,"href":"https:\/\/krankenhauspfarramt.de\/index.php\/wp-json\/wp\/v2\/posts\/8340\/revisions"}],"predecessor-version":[{"id":8341,"href":"https:\/\/krankenhauspfarramt.de\/index.php\/wp-json\/wp\/v2\/posts\/8340\/revisions\/8341"}],"wp:featuredmedia":[{"embeddable":true,"href":"https:\/\/krankenhauspfarramt.de\/index.php\/wp-json\/wp\/v2\/media\/8193"}],"wp:attachment":[{"href":"https:\/\/krankenhauspfarramt.de\/index.php\/wp-json\/wp\/v2\/media?parent=8340"}],"wp:term":[{"taxonomy":"category","embeddable":true,"href":"https:\/\/krankenhauspfarramt.de\/index.php\/wp-json\/wp\/v2\/categories?post=8340"},{"taxonomy":"post_tag","embeddable":true,"href":"https:\/\/krankenhauspfarramt.de\/index.php\/wp-json\/wp\/v2\/tags?post=8340"}],"curies":[{"name":"wp","href":"https:\/\/api.w.org\/{rel}","templated":true}]}}