{"id":8342,"date":"2025-06-25T18:19:46","date_gmt":"2025-06-25T18:19:46","guid":{"rendered":"https:\/\/krankenhauspfarramt.de\/index.php\/2025\/06\/25\/jeder-mensch-kann-dazu-beitragen-die-welt-zu-veraendern-ekd\/"},"modified":"2025-06-25T18:19:47","modified_gmt":"2025-06-25T18:19:47","slug":"jeder-mensch-kann-dazu-beitragen-die-welt-zu-veraendern-ekd","status":"publish","type":"post","link":"https:\/\/krankenhauspfarramt.de\/index.php\/2025\/06\/25\/jeder-mensch-kann-dazu-beitragen-die-welt-zu-veraendern-ekd\/","title":{"rendered":"\u201eJeder Mensch kann dazu beitragen, die Welt zu ver\u00e4ndern\u201c \u2013 EKD"},"content":{"rendered":"<p> <br \/>\n<\/p>\n<div id=\"\">\n<div class=\"article--meta article--meta__border clearfix\">\n<p>                                    <time datetime=\"25.06.2025 18:15\" class=\"article--time\">25.06.2025<\/time><\/p>\n<p>                                     <strong class=\"article--type primus--overline\">Pressemitteilung<\/strong><\/p>\n<picture class=\"article--source-image image\"><source srcset=\"https:\/\/www.ekd.de\/ekd_de\/ds_img\/assets\/20170622_ekd-Quellenlogo_141_rdax_423x118.png\"><!--<source srcset=\"\/ekd_de\/ds_img\/assets\/20170622_ekd-Quellenlogo_141_rdax_141x39.png 1x, \/ekd_de\/ds_img\/assets\/20170622_ekd-Quellenlogo_141_rdax_282x78.png 2x, https:\/\/www.ekd.de\/ekd_de\/ds_img\/assets\/20170622_ekd-Quellenlogo_141_rdax_423x118.png 3x\">--><\/p>\n<p>    <\/source><\/picture>\n<\/p><\/div>\n<h2 class=\"article--sub-headline primus--sub-headline\">EKD-Ratsvorsitzende Kirsten Fehrs wirbt beim Johannisempfang in Berlin daf\u00fcr, R\u00e4ume f\u00fcr Frieden und Verst\u00e4ndigung zu schaffen <\/h2>\n<\/p><\/div>\n<div id=\"\">\n<p>Beim diesj\u00e4hrigen Johannisempfang der Evangelischen Kirche in Deutschland (EKD) in der Berliner Franz\u00f6sischen Friedrichstadtkirche hat die EKD-Ratsvorsitzende, Bisch\u00f6fin Kirsten Fehrs, angesichts der krisenhaften Weltlage daf\u00fcr geworben, R\u00e4ume f\u00fcr Frieden und Verst\u00e4ndigung zu schaffen und Polarisierungstendenzen nicht zu versch\u00e4rfen.<\/p>\n<p>\u201eDie Welt brennt. Und die Wiege der drei abrahamitischen Religionen, der Nahe Osten, steht unter Dauerbeschuss \u2013 und mit ihm das V\u00f6lkerrecht, das nicht zuletzt in diesen geistigen und geistlichen Traditionen wurzelt\u201c, sagte die Ratsvorsitzende. Gleichzeitig sei der Krieg angesichts der russischen Bedrohung auch in Deutschland und Europa emotional wie geografisch n\u00e4her ger\u00fcckt. \u201eWir m\u00fcssen uns mit dem nie f\u00fcr m\u00f6glich Gehaltenen ernsthaft auseinandersetzen: dass es Waffenarsenale nicht nur gibt, sondern dass sie wom\u00f6glich auch eingesetzt werden.\u201c Die Erfahrungen der letzten knapp zwei Jahrzehnte habe zu der grundlegenden Erkenntnis gef\u00fchrt, dass der Schutz vor Gewalt unabdingbare Voraussetzung f\u00fcr umfassende Friedensprozesse ist. \u201eDabei haben wir als Christenmenschen konsequent die jesuanische Botschaft vom Gewaltverzicht immer wieder einzutragen, und wissen zugleich, dass diejenigen, die von Gewalt unmittelbar bedroht sind oder angegriffen werden, unseren Schutz brauchen.\u201c Angesichts dieses Dilemmas d\u00fcrften friedensethische und sicherheitsethische Aspekte nicht gegeneinander ausgespielt, sondern m\u00fcssten strikt aufeinander bezogen werden.<\/p>\n<p>Hinsichtlich der zunehmend polarisierten Debatte warb die Ratsvorsitzende daf\u00fcr, Orte des Dialogs und der Verst\u00e4ndigung zu schaffen: \u201eEs liegt mir daran, in der Gesellschaft, aber auch innerhalb unserer Kirche, den Respekt f\u00fcreinander zu behalten, die Vielschichtigkeit im Blick zu haben. Eben nicht hier die vermeintlich naiven Pazifisten und dort die angeblich waffenliebenden Kriegstreiber.\u201c Es brauche \u201eethisches Feinjustieren, damit politisch Verantwortliche in Auseinandersetzung damit Handlungsoptionen entwickeln k\u00f6nnen.\u201c<\/p>\n<p>Letztlich k\u00f6nne jeder Mensch dazu beitragen, die Welt zu ver\u00e4ndern, \u201eindem er anderen gegen\u00fcber gut ist.\u201c Die Entscheidung, das B\u00f6se nicht zu spiegeln, sondern mit Gutem zu beantworten, sei keine Schw\u00e4che, sondern die st\u00e4rkste aller Kr\u00e4fte, die den Kreislauf der Gewalt durchbreche. \u201eWenn Viele das tun, wird es zur politischen Kraft. Und macht die Gesellschaft stabiler, vielleicht sogar ver\u00e4nderungsbereiter.\u201c<\/p>\n<p>In ihrer Rede ging Bisch\u00f6fin Fehrs auch auf die Verantwortung der Kirche f\u00fcr den Umgang mit eigener Schuld ein. \u201eSexualisierte Gewalt greift direkt die W\u00fcrde des einzelnen Menschen an, sie greift den gerechten Frieden an, nach dem wir streben. Genau deshalb und trotz allem, setzen wir alles daran, ein sicherer Ort zu sein. Ein Ort, an dem das Unrecht, Versagen und Verantwortung beim Namen genannt werden, auch damit Schutzmechanismen nachhaltig greifen k\u00f6nnen. F\u00fcr die EKD steht dies glasklar vorn auf der Agenda\u201c, sagte die Ratsvorsitzende.<\/p>\n<p>Der Johannisempfang der EKD bringt jedes Jahr Pers\u00f6nlichkeiten aus Kirche, Politik, Gesellschaft und Kultur zusammen und dient dem Austausch \u00fcber zentrale gesellschaftliche und ethische Fragen.<\/p>\n<p>Hannover\/Berlin, 25. Juni 2025<\/p>\n<p>Pressestelle der EKD<br \/>Carsten Splitt<\/p>\n<p>Die Rede der Ratsvorsitzenden wird live gestreamt unter www.ekd.de\/Johannisempfang.<\/p>\n<\/div>\n","protected":false},"excerpt":{"rendered":"<p>25.06.2025 Pressemitteilung EKD-Ratsvorsitzende Kirsten Fehrs wirbt beim Johannisempfang in Berlin daf\u00fcr, R\u00e4ume f\u00fcr Frieden und Verst\u00e4ndigung zu schaffen Beim diesj\u00e4hrigen<\/p>\n","protected":false},"author":2,"featured_media":7501,"comment_status":"closed","ping_status":"closed","sticky":false,"template":"","format":"standard","meta":{"footnotes":""},"categories":[20],"tags":[],"_links":{"self":[{"href":"https:\/\/krankenhauspfarramt.de\/index.php\/wp-json\/wp\/v2\/posts\/8342"}],"collection":[{"href":"https:\/\/krankenhauspfarramt.de\/index.php\/wp-json\/wp\/v2\/posts"}],"about":[{"href":"https:\/\/krankenhauspfarramt.de\/index.php\/wp-json\/wp\/v2\/types\/post"}],"author":[{"embeddable":true,"href":"https:\/\/krankenhauspfarramt.de\/index.php\/wp-json\/wp\/v2\/users\/2"}],"replies":[{"embeddable":true,"href":"https:\/\/krankenhauspfarramt.de\/index.php\/wp-json\/wp\/v2\/comments?post=8342"}],"version-history":[{"count":1,"href":"https:\/\/krankenhauspfarramt.de\/index.php\/wp-json\/wp\/v2\/posts\/8342\/revisions"}],"predecessor-version":[{"id":8343,"href":"https:\/\/krankenhauspfarramt.de\/index.php\/wp-json\/wp\/v2\/posts\/8342\/revisions\/8343"}],"wp:featuredmedia":[{"embeddable":true,"href":"https:\/\/krankenhauspfarramt.de\/index.php\/wp-json\/wp\/v2\/media\/7501"}],"wp:attachment":[{"href":"https:\/\/krankenhauspfarramt.de\/index.php\/wp-json\/wp\/v2\/media?parent=8342"}],"wp:term":[{"taxonomy":"category","embeddable":true,"href":"https:\/\/krankenhauspfarramt.de\/index.php\/wp-json\/wp\/v2\/categories?post=8342"},{"taxonomy":"post_tag","embeddable":true,"href":"https:\/\/krankenhauspfarramt.de\/index.php\/wp-json\/wp\/v2\/tags?post=8342"}],"curies":[{"name":"wp","href":"https:\/\/api.w.org\/{rel}","templated":true}]}}