{"id":8348,"date":"2025-06-27T13:45:54","date_gmt":"2025-06-27T13:45:54","guid":{"rendered":"https:\/\/krankenhauspfarramt.de\/index.php\/2025\/06\/27\/statement-der-sprecherinnen-des-beteiligungsforums-zu-den-standards-des-dialogprozesses-ekd\/"},"modified":"2025-06-27T13:45:55","modified_gmt":"2025-06-27T13:45:55","slug":"statement-der-sprecherinnen-des-beteiligungsforums-zu-den-standards-des-dialogprozesses-ekd","status":"publish","type":"post","link":"https:\/\/krankenhauspfarramt.de\/index.php\/2025\/06\/27\/statement-der-sprecherinnen-des-beteiligungsforums-zu-den-standards-des-dialogprozesses-ekd\/","title":{"rendered":"Statement der Sprecher*innen des Beteiligungsforums zu den Standards des Dialogprozesses \u2013 EKD"},"content":{"rendered":"<p> <br \/>\n<\/p>\n<div id=\"\">\n        <!-- RSPEAK_START --><\/p>\n<header class=\"large-10 columns article--header\">\n<\/header>\n<div class=\"large-8 columns large-offset-1 \">\n<p>Wie k\u00f6nnen Betroffene sexualisierter Gewalt besser in die Aufarbeitung eingebunden werden? In Berlin wurden nun Ergebnisse eines bundesweiten Dialogprozesses vorgestellt \u2013 mit neuen Standards f\u00fcr mehr Beteiligung und Mitsprache. Mitgewirkt haben Mitglieder des Beteiligungsforums und Personen aus EKD, Diakonie und Landeskirchen. Die Sprechenden der Gruppe der betroffenen Personen im Beteiligungsforum Sexualisierte Gewalt in der EKD nehmen dazu folgenderma\u00dfen Stellung:<\/p>\n<p>\u201eWir begr\u00fc\u00dfen, dass mit den neuen Standards zur Betroffenenbeteiligung ein klarer Rahmen geschaffen wurde, der Orientierung f\u00fcr institutionelle Aufarbeitungsprozesse bietet. Aus unserer Sicht markieren sie einen wichtigen Schritt f\u00fcr die Praxis und zeigen auf, wie Aufarbeitung gelingen kann. Dass Betroffene von Anfang an einbezogen werden m\u00fcssen, ist eine zentrale Erkenntnis und ein l\u00e4ngst \u00fcberf\u00e4lliger Paradigmenwechsel.<\/p>\n<p>Jetzt geht es darum, diesen Standards Leben einzuhauchen. Denn klar ist auch: Die Beteiligung von Betroffenen ist kein \u201enice to have\u201c, sondern die Voraussetzung f\u00fcr jede glaubw\u00fcrdige Aufarbeitung. Sie gelingt nur, wenn Perspektiven von Betroffenen respektiert, ernst genommen und als gleichwertig anerkannt werden. Es geht um nicht weniger als einen nachhaltigen Wandel, um das Lernen aus dem Geschehenen und um strukturelle Ver\u00e4nderungen, die sexualisierte Gewalt k\u00fcnftig verhindern helfen.<\/p>\n<p>Beteiligung erfordert Haltung. Sie setzt voraus, dass Institutionen bereit sind, Verantwortung zu teilen, Kontrolle abzugeben und Raum f\u00fcr neue Perspektiven zu schaffen. Das ist kein einfacher Weg. Aber er ist notwendig.\u201c<\/p>\n<p>Alle Informationen zu den neuen Standards der Betroffenenbeteiligung im Kontext institutioneller Aufarbeitung und zum Dialogprozess finden Sie unter www.der-dialogprozess.de.<\/p>\n<\/p><\/div>\n<p>        <!-- RSPEAK_STOP --><\/p>\n<footer class=\"article--footer\">\n<\/footer><\/div>\n","protected":false},"excerpt":{"rendered":"<p>Wie k\u00f6nnen Betroffene sexualisierter Gewalt besser in die Aufarbeitung eingebunden werden? In Berlin wurden nun Ergebnisse eines bundesweiten Dialogprozesses vorgestellt<\/p>\n","protected":false},"author":2,"featured_media":8349,"comment_status":"closed","ping_status":"closed","sticky":false,"template":"","format":"standard","meta":{"footnotes":""},"categories":[20],"tags":[],"_links":{"self":[{"href":"https:\/\/krankenhauspfarramt.de\/index.php\/wp-json\/wp\/v2\/posts\/8348"}],"collection":[{"href":"https:\/\/krankenhauspfarramt.de\/index.php\/wp-json\/wp\/v2\/posts"}],"about":[{"href":"https:\/\/krankenhauspfarramt.de\/index.php\/wp-json\/wp\/v2\/types\/post"}],"author":[{"embeddable":true,"href":"https:\/\/krankenhauspfarramt.de\/index.php\/wp-json\/wp\/v2\/users\/2"}],"replies":[{"embeddable":true,"href":"https:\/\/krankenhauspfarramt.de\/index.php\/wp-json\/wp\/v2\/comments?post=8348"}],"version-history":[{"count":1,"href":"https:\/\/krankenhauspfarramt.de\/index.php\/wp-json\/wp\/v2\/posts\/8348\/revisions"}],"predecessor-version":[{"id":8350,"href":"https:\/\/krankenhauspfarramt.de\/index.php\/wp-json\/wp\/v2\/posts\/8348\/revisions\/8350"}],"wp:featuredmedia":[{"embeddable":true,"href":"https:\/\/krankenhauspfarramt.de\/index.php\/wp-json\/wp\/v2\/media\/8349"}],"wp:attachment":[{"href":"https:\/\/krankenhauspfarramt.de\/index.php\/wp-json\/wp\/v2\/media?parent=8348"}],"wp:term":[{"taxonomy":"category","embeddable":true,"href":"https:\/\/krankenhauspfarramt.de\/index.php\/wp-json\/wp\/v2\/categories?post=8348"},{"taxonomy":"post_tag","embeddable":true,"href":"https:\/\/krankenhauspfarramt.de\/index.php\/wp-json\/wp\/v2\/tags?post=8348"}],"curies":[{"name":"wp","href":"https:\/\/api.w.org\/{rel}","templated":true}]}}