{"id":8353,"date":"2025-06-27T21:47:40","date_gmt":"2025-06-27T21:47:40","guid":{"rendered":"https:\/\/krankenhauspfarramt.de\/index.php\/2025\/06\/27\/kirchen-kritisieren-aussetzung-des-familiennachzugs-ekd\/"},"modified":"2025-06-27T21:47:42","modified_gmt":"2025-06-27T21:47:42","slug":"kirchen-kritisieren-aussetzung-des-familiennachzugs-ekd","status":"publish","type":"post","link":"https:\/\/krankenhauspfarramt.de\/index.php\/2025\/06\/27\/kirchen-kritisieren-aussetzung-des-familiennachzugs-ekd\/","title":{"rendered":"Kirchen kritisieren Aussetzung des Familiennachzugs \u2013 EKD"},"content":{"rendered":"<p> <br \/>\n<\/p>\n<div>\n<p>Die Linken-Abgeordnete Clara B\u00fcnger warf Dobrindt demgegen\u00fcber vor, einen der letzten legalen Wege f\u00fcr Schutzsuchende zu kappen. \u201eStatt Menschen zu helfen, versch\u00e4rfen Sie ihr Leid\u201c, sagte B\u00fcnger. Der Gr\u00fcnen-Innenpolitiker Marcel Emmerich bezeichnete die Aussetzung des Familiennachzugs als \u201eunbarmherzig\u201c. Sie sei zudem \u201eein integrationspolitischer Irrweg\u201c, sagte er.<\/p>\n<p>Die SPD stimmte dem Gesetz z\u00e4hneknirschend zu. \u201eIch wei\u00df, dass es vielen von uns sehr schwer f\u00e4llt\u201c, sagte die Integrationsbeauftragte der Bundesregierung, Natalie Pawlik (SPD). Die Aussetzung des Familiennachzugs sei ein Kompromiss.<\/p>\n<p>Scharfe Kritik an der Aussetzung kam auch von Kirchen, Sozialverb\u00e4nden und Menschenrechtsorganisationen, die unter anderem das Recht auf den Schutz von Ehe und Familie verletzt sehen. \u201eEs ist ein Gebot der N\u00e4chstenliebe, dass alle Menschen, gerade auch Gefl\u00fcchtete und subsidi\u00e4r Schutzberechtigte, nicht \u00fcber Jahre hinweg von ihren engsten Angeh\u00f6rigen getrennt bleiben\u201c, sagte der Fl\u00fcchtlingsbeauftragte der Evangelischen Kirche in Deutschland (EKD), Christian St\u00e4blein, dem \u201eTagesspiegel\u201c (Freitag).<\/p>\n<p>Der AfD ging die Aussetzung des Familiennachzugs zu subsidi\u00e4r Schutzberechtigten nicht weit genug. Es sei ein \u201eviel zu kleiner Schritt\u201c, sagte der Abgeordnete Christian Wirth. Dennoch wolle seine Fraktion zustimmen. Der innenpolitische Sprecher der Union, Alexander Throm (CDU), stellte in der Debatte auch infage, ob die Aussetzung automatisch nach zwei Jahren endet. Man werde dann bewerten, wie hoch die Belastung der Kommunen sei, sagte er auf eine von ihm zugelassene Zwischenfrage der AfD-Abgeordneten Beatrix von Storch.<\/p>\n<p>Der subsidi\u00e4re Schutzstatus wird vergeben, wenn keine individuelle Verfolgung vorliegt, eine R\u00fcckkehr ins Heimatland wegen eines Kriegs, drohender Folter oder unmenschlicher Behandlung aber dennoch nicht m\u00f6glich ist. Das Recht auf Familiennachzug, das Fl\u00fcchtlingen mit anderem Schutzstatus haben, wurde f\u00fcr diese Gruppe 2016 gestrichen. Nach zweij\u00e4hrigem Stopp wurde 2018 das auf 1.000 Pl\u00e4tze pro Monat begrenzte Kontingent geschaffen, \u00fcber das Ehegatten, Kinder oder Eltern minderj\u00e4hriger Kinder subsidi\u00e4r Schutzberechtigter nach Deutschland kommen konnten. Nach Auskunft des Ausw\u00e4rtigen Amts erm\u00f6glichte es vor allem Kindern und Frauen die Einreise nach Deutschland.<\/p>\n<\/p><\/div>\n","protected":false},"excerpt":{"rendered":"<p>Die Linken-Abgeordnete Clara B\u00fcnger warf Dobrindt demgegen\u00fcber vor, einen der letzten legalen Wege f\u00fcr Schutzsuchende zu kappen. \u201eStatt Menschen zu<\/p>\n","protected":false},"author":2,"featured_media":8354,"comment_status":"closed","ping_status":"closed","sticky":false,"template":"","format":"standard","meta":{"footnotes":""},"categories":[20],"tags":[],"_links":{"self":[{"href":"https:\/\/krankenhauspfarramt.de\/index.php\/wp-json\/wp\/v2\/posts\/8353"}],"collection":[{"href":"https:\/\/krankenhauspfarramt.de\/index.php\/wp-json\/wp\/v2\/posts"}],"about":[{"href":"https:\/\/krankenhauspfarramt.de\/index.php\/wp-json\/wp\/v2\/types\/post"}],"author":[{"embeddable":true,"href":"https:\/\/krankenhauspfarramt.de\/index.php\/wp-json\/wp\/v2\/users\/2"}],"replies":[{"embeddable":true,"href":"https:\/\/krankenhauspfarramt.de\/index.php\/wp-json\/wp\/v2\/comments?post=8353"}],"version-history":[{"count":1,"href":"https:\/\/krankenhauspfarramt.de\/index.php\/wp-json\/wp\/v2\/posts\/8353\/revisions"}],"predecessor-version":[{"id":8355,"href":"https:\/\/krankenhauspfarramt.de\/index.php\/wp-json\/wp\/v2\/posts\/8353\/revisions\/8355"}],"wp:featuredmedia":[{"embeddable":true,"href":"https:\/\/krankenhauspfarramt.de\/index.php\/wp-json\/wp\/v2\/media\/8354"}],"wp:attachment":[{"href":"https:\/\/krankenhauspfarramt.de\/index.php\/wp-json\/wp\/v2\/media?parent=8353"}],"wp:term":[{"taxonomy":"category","embeddable":true,"href":"https:\/\/krankenhauspfarramt.de\/index.php\/wp-json\/wp\/v2\/categories?post=8353"},{"taxonomy":"post_tag","embeddable":true,"href":"https:\/\/krankenhauspfarramt.de\/index.php\/wp-json\/wp\/v2\/tags?post=8353"}],"curies":[{"name":"wp","href":"https:\/\/api.w.org\/{rel}","templated":true}]}}